{"id":22242,"date":"2023-04-19T12:31:00","date_gmt":"2023-04-19T19:31:00","guid":{"rendered":"https:\/\/www.cip-icu.ca\/non-classifiee\/investir-dans-notre-planete-comment-la-cip-prend-des-mesures-pour-un-avenir-plus-vert\/"},"modified":"2023-11-20T15:57:53","modified_gmt":"2023-11-20T23:57:53","slug":"investir-dans-notre-planete-comment-la-cip-prend-des-mesures-pour-un-avenir-plus-vert","status":"publish","type":"post","link":"https:\/\/www.cip-icu.ca\/fr\/blog\/investir-dans-notre-planete-comment-la-cip-prend-des-mesures-pour-un-avenir-plus-vert\/","title":{"rendered":"Investir dans notre plan\u00e8te : comment la CIP prend des mesures pour un avenir plus vert"},"content":{"rendered":"\n<p class=\"lede\">Le th\u00e8me de la Journ\u00e9e de la Terre de cette ann\u00e9e, qui se prolongera jusqu&#8217;en 2023, nous incite \u00e0 nouveau \u00e0 &#8220;<a href=\"https:\/\/www.earthday.org\/earth-day-2023\/\">investir dans notre plan\u00e8te<\/a>&#8220;. Alors que le changement climatique et ses effets continuent de s&#8217;intensifier, il est plus important que jamais d&#8217;assumer la responsabilit\u00e9 du bien-\u00eatre des g\u00e9n\u00e9rations actuelles et futures. En reconnaissance de l&#8217;int\u00e9r\u00eat collectif de nos membres pour la lutte contre le changement climatique, l&#8217;Institut canadien des urbanistes (ICU) s&#8217;engage \u00e0 promouvoir des solutions et des pratiques durables dans l&#8217;ensemble de la profession d&#8217;urbaniste et au Canada.<\/p>\n\n<p><strong>Atteindre la neutralit\u00e9 carbone : bilan de l&#8217;ann\u00e9e 2022<\/strong><\/p>\n\n<p>Cette ann\u00e9e, le CIP c\u00e9l\u00e8bre avec fiert\u00e9 <strong>quatre ann\u00e9es de <\/strong>neutralit\u00e9 carbone. Depuis le centenaire de CIP en 2019, l&#8217;organisation a suivi ses \u00e9missions dans les cat\u00e9gories suivantes : espace de bureau, papier et impression, d\u00e9placements des employ\u00e9s, production et distribution du magazine, et d\u00e9placements du personnel et des b\u00e9n\u00e9voles. La CIP s&#8217;efforce en permanence de r\u00e9duire les \u00e9missions de GES (gaz \u00e0 effet de serre) li\u00e9es \u00e0 ses activit\u00e9s, y compris lors de la conf\u00e9rence nationale annuelle, et de compenser ses \u00e9missions par l&#8217;achat annuel de<a href=\"https:\/\/planetair.ca\/en\/our-offset-projects\/\"> cr\u00e9dits carbone issus de projets certifi\u00e9s Gold Standard<\/a>.<\/p>\n\n<p>En 2020 et 2021, le CIP a enregistr\u00e9 une r\u00e9duction significative des \u00e9missions de carbone en raison de la pand\u00e9mie de COVID-19 et de la r\u00e9duction subs\u00e9quente des d\u00e9placements des employ\u00e9s, des \u00e9v\u00e9nements en personne et des activit\u00e9s de bureau. Avec un retour au travail en personne, aux \u00e9v\u00e9nements et aux d\u00e9placements du personnel et des b\u00e9n\u00e9voles, le CIP a vu ses \u00e9missions augmenter de 125 % en 2022 par rapport \u00e0 l&#8217;ann\u00e9e pr\u00e9c\u00e9dente. Pour compenser les \u00e9missions de 2022, le CIP a investi environ 1 065 dollars dans des cr\u00e9dits carbone.<\/p>\n\n<figure class=\"wp-block-image size-full\"><img loading=\"lazy\" decoding=\"async\" width=\"700\" height=\"392\" src=\"https:\/\/www.cip-icu.ca\/wp-content\/uploads\/2023\/10\/image-17.png\" alt=\"\" class=\"wp-image-17303\" title=\"Anglais-carbon-neutrality-pie-chart.png\" srcset=\"https:\/\/www.cip-icu.ca\/wp-content\/uploads\/2023\/10\/image-17.png 700w, https:\/\/www.cip-icu.ca\/wp-content\/uploads\/2023\/10\/image-17-636x356.png 636w\" sizes=\"auto, (max-width: 700px) 100vw, 700px\" \/><\/figure>\n\n<p>Tout au long de l&#8217;ann\u00e9e 2022, la CIP s&#8217;est efforc\u00e9e d&#8217;aller plus loin dans ses engagements en faveur de l&#8217;environnement et de la neutralit\u00e9 carbone en introduisant de nouvelles politiques et initiatives respectueuses de l&#8217;environnement dans l&#8217;ensemble de l&#8217;organisation. Lorsque le bureau a rouvert en avril 2022, le CIP est pass\u00e9 \u00e0 un mod\u00e8le de travail hybride, les employ\u00e9s d&#8217;Ottawa ne faisant plus la navette quotidiennement. Le CIP a \u00e9galement introduit un mod\u00e8le hybride pour la conf\u00e9rence nationale annuelle, \u00e9liminant ainsi la n\u00e9cessit\u00e9 pour tous les participants \u00e0 la conf\u00e9rence de voyager et d&#8217;assister en personne. En outre, pour la prochaine conf\u00e9rence nationale,<a href=\"https:\/\/site.pheedloop.com\/event\/Navigation2023\/home\"> <em>Navigation 2023<\/em><\/a>l&#8217;ICU travaille avec<a href=\"https:\/\/bullfrogpower.com\/\"> Bullfrog Power<\/a> pour assurer des compensations suppl\u00e9mentaires des \u00e9missions au Centre des congr\u00e8s d&#8217;Halifax.<\/p>\n\n<p>\u00c0 la lumi\u00e8re de ces politiques, la CIP est fi\u00e8re de partager le fait qu&#8217;elle a r\u00e9cemment compl\u00e9t\u00e9 le<a href=\"https:\/\/www.csagroup.org\/store\/product\/CSA%20SPE-116%3A23\/\"> guide d&#8217;\u00e9valuation du<\/a> Groupe CSA sur les objectifs environnementaux, sociaux et de gouvernance<a href=\"https:\/\/www.diligent.com\/insights\/esg\/\">(ES<\/a>G) et les objectifs de d\u00e9veloppement durable<a href=\"https:\/\/sdgs.un.org\/goals\">(SDG)<\/a> pour les associations, et qu&#8217;elle a obtenu le <strong>niveau &#8220;or&#8221;<\/strong>.<\/p>\n\n<p><strong>La CIP au service de nos membres en mati\u00e8re de climat<\/strong><\/p>\n\n<p>La r\u00e9duction des \u00e9missions de carbone li\u00e9es au travail et la compensation de celles qui sont n\u00e9cessaires aux op\u00e9rations est l&#8217;une des nombreuses mesures int\u00e9gr\u00e9es que la CIP prend pour s&#8217;attaquer au probl\u00e8me complexe du changement climatique. Voici d&#8217;autres fa\u00e7ons dont l&#8217;Institut s&#8217;efforce de r\u00e9pondre \u00e0 cette question prioritaire :<\/p>\n\n<ul class=\"wp-block-list\">\n<li>Repr\u00e9sentation de la profession d&#8217;urbaniste dans le cadre de collaborations et de conversations avec<a href=\"https:\/\/www.canada.ca\/en\/health-canada.html\"> Sant\u00e9 Canada<\/a>,<a href=\"https:\/\/natural-resources.canada.ca\/home\"> Ressources naturelles Canada<\/a>, le<a href=\"https:\/\/www.canada.ca\/en\/environment-climate-change\/campaigns\/50-years-environmental-action\/eccc-timeline\/canadian-wildlife-service-nature-conservation.html\"> Service canadien de la faune<\/a>, la<a href=\"https:\/\/fcm.ca\/en\"> F\u00e9d\u00e9ration canadienne des municipalit\u00e9s<\/a>, le<a href=\"https:\/\/cwn-rce.ca\/\"> R\u00e9seau canadien de l&#8217;eau<\/a> et le Pavillon urbain mondial de Regent Park ;<\/li>\n\n\n\n<li>D\u00e9clarations et lettres de soutien \u00e0 l&#8217;appui de la strat\u00e9gie nationale d&#8217;adaptation du Canada<a href=\"https:\/\/www.cip-icu.ca\/News-Events\/Newsroom\/News-Releases-and-Public\/Policy-Statements\/The-Canadian-Institute-of-Planners-welcomes-the-re#.Y5DmtHbMKUl\"> <em>la strat\u00e9gie nationale d&#8217;adaptation du Canada<\/em><\/a> et l&#8217;appel \u00e0 l&#8217;action de la PAC sur l&#8217;urbanisation durable ;<\/li>\n\n\n\n<li>Membre du groupe de travail sur les comp\u00e9tences en mati\u00e8re d&#8217;adaptation de<a href=\"https:\/\/natural-resources.canada.ca\/home\"> Ressources naturelles Canada<\/a>(en cours) ;<\/li>\n\n\n\n<li>Signataire de la <a href=\"https:\/\/www.globalplannersnetwork.org\/gpn-members-sign-katowice-declaration\/\">d\u00e9claration de Katowice 2022 : Transformer nos villes pour un avenir meilleur<\/a>, du<a href=\"https:\/\/www.globalplannersnetwork.org\/\"> r\u00e9seau mondial des urbanistes<\/a>;<\/li>\n\n\n\n<li>Collaboration avec l&#8217;<a href=\"https:\/\/climateriskinstitute.ca\/\"> Institut des risques climatiques<\/a> pour d\u00e9velopper la<a href=\"https:\/\/climateriskinstitute.ca\/climate-change-impacts-and-adaptation-training-program-for-professional-planners\/\"> formation<\/a> nationale<a href=\"https:\/\/climateriskinstitute.ca\/climate-change-impacts-and-adaptation-training-program-for-professional-planners\/\"> sur l&#8217;adaptation au climat<\/a>;<\/li>\n\n\n\n<li>Aide \u00e0 l&#8217;\u00e9laboration du<a href=\"https:\/\/www.publicsafety.gc.ca\/cnt\/mrgnc-mngmnt\/dsstr-prvntn-mtgtn\/ndmp\/fldpln-mppng-en.aspx\"> guide f\u00e9d\u00e9ral d&#8217;am\u00e9nagement du territoire pour les zones inondables<\/a>;<\/li>\n\n\n\n<li>En collaboration avec l&#8217;Institut des planificateurs de l&#8217;Atlantique (API), nous avons construit<a href=\"https:\/\/site.pheedloop.com\/event\/Navigation2023\/Registration\/Reginstructions\"> <em>Navigation<\/em><\/a>L&#8217;API a collabor\u00e9 avec l&#8217;Institut des urbanistes de l&#8217;Atlantique (API) \u00e0 la mise en place d&#8217;un programme de navigation pour la conf\u00e9rence nationale de 2023, qui comprend une programmation li\u00e9e au climat et un partenariat avec Bullfrog Power pour compenser les \u00e9missions ;<\/li>\n\n\n\n<li>Couverture continue des th\u00e8mes et du contenu li\u00e9s au climat et \u00e0 l&#8217;environnement dans<a href=\"https:\/\/www.cip-icu.ca\/fr\/plan-canada\/\"> <em>Plan Canada<\/em><\/a><\/li>\n<\/ul>\n\n<p><strong>Ressources<\/strong><\/p>\n\n<p>\u00c0 l&#8217;occasion de la Journ\u00e9e de la Terre &#8211; et de tous les jours &#8211; le CIP a dress\u00e9 une liste de ressources de planification li\u00e9es au climat. Dans l&#8217;esprit d'&#8221;Investir dans notre plan\u00e8te&#8221;, nous vous encourageons \u00e0 consacrer une partie de votre temps \u00e0 la recherche de solutions et de pratiques durables pr\u00e9sent\u00e9es ci-dessous.<\/p>\n\n<p><strong>Revue canadienne de planification et de politique<\/strong><\/p>\n\n<ul class=\"wp-block-list\">\n<li><a href=\"https:\/\/ojs.library.queensu.ca\/index.php\/cpp\/issue\/view\/897\">Community Energy Planning Special Issue Vol. 2021<\/a><\/li>\n\n\n\n<li><a href=\"https:\/\/ojs.library.queensu.ca\/index.php\/cpp\/article\/view\/14469\">Renforcer l&#8217;action locale en faveur du climat : Une enqu\u00eate sur les priorit\u00e9s de la politique climatique dans la r\u00e9gion de l&#8217;\u00eele de Vancouver et des communaut\u00e9s c\u00f4ti\u00e8res<\/a><\/li>\n\n\n\n<li><a href=\"https:\/\/ojs.library.queensu.ca\/index.php\/cpp\/article\/view\/15654\">Les services \u00e9cosyst\u00e9miques dans l&#8217;urbanisme canadien : Opportunit\u00e9s pour la politique et la pratique \u00e0 l&#8217;\u00e8re du changement climatique<\/a><\/li>\n<\/ul>\n\n<p><strong>Ressources et webinaires CIP<\/strong><\/p>\n\n<ul class=\"wp-block-list\">\n<li><a href=\"https:\/\/www.cip-icu.ca\/getattachment\/Topics-in-Planning\/Climate-Change\/policy-climate-eng-FINAL.pdf.aspx\">Politique de la CIP en mati\u00e8re de planification du changement climatique<\/a><\/li>\n\n\n\n<li><a href=\"https:\/\/www.cip-icu.ca\/ClimateChangePolicy\">CIP Biblioth\u00e8que sur le changement climatique<\/a><\/li>\n\n\n\n<li><a href=\"https:\/\/www.cip-icu.ca\/\/cip-icu.ca\/Learning-Hub\/Video\/April-2021\/Planning-for-Climate-Change\">Webinaire : <\/a><a href=\"https:\/\/www.cip-icu.ca\/Learning-Hub\/Video\/April-2021\/Planning-for-Climate-Change\">Planifier le changement climatique<\/a><\/li>\n\n\n\n<li><a href=\"https:\/\/www.cip-icu.ca\/\/cip-icu.ca\/Learning-Hub\/Video\/November-2021\/PLACE-21-Conference-Odessa-Cohen-Nature-Based-So\">Webinaire : Solutions bas\u00e9es sur la nature et compromis de r\u00e9silience pour les communaut\u00e9s rurales (de PLACE21)<\/a><\/li>\n\n\n\n<li><a href=\"https:\/\/www.cip-icu.ca\/\/cip-icu.ca\/Learning-Hub\/Video\/September-2021\/Planning-for-Biodiversity\">Webinaire : Planifier pour la biodiversit\u00e9<\/a><\/li>\n\n\n\n<li><a href=\"https:\/\/www.cip-icu.ca\/Learning-Hub\/Video\/August-2021\/Planning-for-Disaster-Resilience-1\">Webinaire : Planifier la r\u00e9silience aux catastrophes<\/a><\/li>\n\n\n\n<li><a href=\"https:\/\/www.cip-icu.ca\/\/vimeo.com\/763507866\">Webinaire : Planifier l&#8217;\u00e9quit\u00e9 \u00e0 l&#8217;aide de donn\u00e9es  <\/a><\/li>\n<\/ul>\n\n<p><strong>Ressources de l&#8217;association de planification<\/strong><\/p>\n\n<ul class=\"wp-block-list\">\n<li><a href=\"https:\/\/www.cip-icu.ca\/\/www.planning.org\/resources\/climatechange\/\">Ressources sur le changement climatique<\/a> (American Planning Association)<\/li>\n\n\n\n<li><a href=\"https:\/\/www.planning.org\/planning\/2022\/fall\/7-need-to-know-trends-for-planners-in-2023\/\">7 Need-To-Know Trends for Planners in 2023<\/a> (American Planning Association)<\/li>\n\n\n\n<li><a href=\"https:\/\/ontarioplanners.ca\/blog\/planning-exchange\/november-2019\/planning-for-a-climate-crisis\">Planning for a Climate Crisis<\/a> (Institut des planificateurs professionnels de l&#8217;Ontario)<\/li>\n\n\n\n<li><a href=\"https:\/\/www.canadianarchitect.com\/addressing-climate-change-through-advocacy-policy-and-planning\/\">Lutter contre le changement climatique par la sensibilisation, la politique et la planification<\/a> (Canadian Architect)<\/li>\n\n\n\n<li><a href=\"https:\/\/www.planning.org.au\/documents\/item\/11209\">R\u00f4le de la planification dans l&#8217;adaptation au changement climatique<\/a> (Planning Institute of Australia)<\/li>\n\n\n\n<li><a href=\"https:\/\/www.planning.org.au\/documents\/item\/11210\">R\u00f4le de la planification dans la r\u00e9duction des \u00e9missions de carbone<\/a> (Planning Institute of Australia)<\/li>\n<\/ul>\n\n<p><strong>Guides et ressources suppl\u00e9mentaires<\/strong><\/p>\n\n<ul class=\"wp-block-list\">\n<li><a href=\"https:\/\/smartenergycommunities.ca\/\">Analyse comparative des communaut\u00e9s \u00e9nerg\u00e9tiques intelligentes<\/a><\/li>\n\n\n\n<li><a href=\"https:\/\/changingclimate.ca\/health-in-a-changing-climate\/\">La sant\u00e9 des Canadiens face au changement climatique<\/a><\/li>\n\n\n\n<li><a href=\"https:\/\/changingclimate.ca\/national-issues\/\">Rapport sur l&#8217;\u00e9volution du climat au Canada : Rapport sur les questions nationales<\/a><\/li>\n\n\n\n<li><a href=\"https:\/\/act-adapt.org\/wp-content\/uploads\/2021\/05\/ICABCCI_AccountingforNaturalAssetsinLocalGovernment_WEB.pdf\">Comptabilisation des actifs naturels : Une approche de la r\u00e9silience \u00e0 faible \u00e9mission de carbone<\/a><\/li>\n\n\n\n<li><a href=\"https:\/\/climatedata.ca\/\">ClimateData.ca<\/a><\/li>\n\n\n\n<li><a href=\"https:\/\/www.cip-icu.ca\/\/climateatlas.ca\/planning-climate-change\">Atlas climatique du Canada<\/a><\/li>\n\n\n\n<li><a href=\"https:\/\/www.cip-icu.ca\/\/www.intactcentreclimateadaptation.ca\/wp-content\/uploads\/2022\/04\/UoW_ICCA_2022_04-Irreversible-Extreme-Heat-infographic.pdf\">Chaleur extr\u00eame irr\u00e9versible : Prot\u00e9ger les Canadiens et les communaut\u00e9s d&#8217;un avenir mortel<\/a> (Intact Centre on Climate Adaptation)<\/li>\n\n\n\n<li><a href=\"https:\/\/healthyplan.city\/en\">HealthyPlan.City<\/a><\/li>\n\n\n\n<li><a href=\"https:\/\/climateriskinstitute.ca\/arpp\/\">Adaptation Resource Pathway for Planners (ARPP<\/a> ) (Climate Risk Institute)<\/li>\n<\/ul>\n\n<p>Connaissez-vous d&#8217;autres ressources pertinentes pour la communaut\u00e9 des urbanistes ? Aidez-nous \u00e0 rassembler et \u00e0 partager les ressources d&#8217;apprentissage en nous contactant \u00e0 l&#8217;adresse communications@cip-icu.ca.<\/p>\n","protected":false},"excerpt":{"rendered":"<p>Le th\u00e8me de la Journ\u00e9e de la Terre de cette ann\u00e9e, qui se prolongera jusqu&#8217;en 2023, nous incite \u00e0 nouveau \u00e0 &#8220;investir dans notre plan\u00e8te&#8221;.&hellip;<\/p>\n","protected":false},"author":12,"featured_media":21199,"comment_status":"closed","ping_status":"closed","sticky":false,"template":"","format":"standard","meta":{"_acf_changed":false,"footnotes":""},"categories":[92],"tags":[105],"class_list":["post-22242","post","type-post","status-publish","format-standard","has-post-thumbnail","hentry","category-blog","tag-changement-climatique"],"acf":[],"_links":{"self":[{"href":"https:\/\/www.cip-icu.ca\/fr\/wp-json\/wp\/v2\/posts\/22242","targetHints":{"allow":["GET"]}}],"collection":[{"href":"https:\/\/www.cip-icu.ca\/fr\/wp-json\/wp\/v2\/posts"}],"about":[{"href":"https:\/\/www.cip-icu.ca\/fr\/wp-json\/wp\/v2\/types\/post"}],"author":[{"embeddable":true,"href":"https:\/\/www.cip-icu.ca\/fr\/wp-json\/wp\/v2\/users\/12"}],"replies":[{"embeddable":true,"href":"https:\/\/www.cip-icu.ca\/fr\/wp-json\/wp\/v2\/comments?post=22242"}],"version-history":[{"count":1,"href":"https:\/\/www.cip-icu.ca\/fr\/wp-json\/wp\/v2\/posts\/22242\/revisions"}],"predecessor-version":[{"id":22243,"href":"https:\/\/www.cip-icu.ca\/fr\/wp-json\/wp\/v2\/posts\/22242\/revisions\/22243"}],"wp:featuredmedia":[{"embeddable":true,"href":"https:\/\/www.cip-icu.ca\/fr\/wp-json\/wp\/v2\/media\/21199"}],"wp:attachment":[{"href":"https:\/\/www.cip-icu.ca\/fr\/wp-json\/wp\/v2\/media?parent=22242"}],"wp:term":[{"taxonomy":"category","embeddable":true,"href":"https:\/\/www.cip-icu.ca\/fr\/wp-json\/wp\/v2\/categories?post=22242"},{"taxonomy":"post_tag","embeddable":true,"href":"https:\/\/www.cip-icu.ca\/fr\/wp-json\/wp\/v2\/tags?post=22242"}],"curies":[{"name":"wp","href":"https:\/\/api.w.org\/{rel}","templated":true}]}}