{"id":22266,"date":"2022-11-09T10:20:00","date_gmt":"2022-11-09T18:20:00","guid":{"rendered":"https:\/\/www.cip-icu.ca\/non-classifiee\/journee-mondiale-de-lurbanisme-2022-declaration-de-gpn\/"},"modified":"2023-11-20T16:00:09","modified_gmt":"2023-11-21T00:00:09","slug":"journee-mondiale-de-lurbanisme-2022-declaration-de-gpn","status":"publish","type":"post","link":"https:\/\/www.cip-icu.ca\/fr\/actualites\/journee-mondiale-de-lurbanisme-2022-declaration-de-gpn\/","title":{"rendered":"Journ\u00e9e mondiale de l&#8217;urbanisme 2022 &#8211; D\u00e9claration de GPN"},"content":{"rendered":"\n<figure class=\"wp-block-image size-full\"><img loading=\"lazy\" decoding=\"async\" width=\"300\" height=\"268\" src=\"https:\/\/www.cip-icu.ca\/wp-content\/uploads\/2023\/11\/image-6.png\" alt=\"\" class=\"wp-image-19031\"\/><\/figure>\n\n<p class=\"lede\"><strong>73\u00e8me journ\u00e9e mondiale de l&#8217;urbanisme D\u00e9claration<\/strong><\/p>\n\n<h4 class=\"wp-block-heading\"><strong><\/strong><strong>PLANIFIER D\u00c8S MAINTENANT L&#8217;ACTION POUR L&#8217;AVENIR DE NOTRE MONDE<\/strong><\/h4>\n\n<p>Chaque personne et chaque communaut\u00e9 dans le monde est aujourd&#8217;hui menac\u00e9e par l&#8217;aggravation de la crise du climat et de la biodiversit\u00e9, aggrav\u00e9e par les conflits et le Covid-19.<br\/><br\/><a href=\"https:\/\/www.globalplannersnetwork.org\/\">Le Global Planners Network<\/a>, une association libre d&#8217;associations nationales et internationales d&#8217;urbanistes, appelle \u00e0 une action urgente pour stopper toute nouvelle d\u00e9gradation irr\u00e9versible du monde naturel et tout impact n\u00e9gatif sur les communaut\u00e9s du monde entier avant que la fen\u00eatre d&#8217;action ne se referme.<\/p>\n\n<p>Il existe un \u00e9cart \u00e9norme entre l&#8217;ampleur de la r\u00e9duction des \u00e9missions mondiales et celle n\u00e9cessaire pour mettre en \u0153uvre l&#8217;Accord de Paris, un trait\u00e9 international juridiquement contraignant. Si l&#8217;on ne s&#8217;attaque pas maintenant \u00e0 ce probl\u00e8me, toutes les communaut\u00e9s du monde seront de plus en plus menac\u00e9es par l&#8217;aggravation de la crise du climat et de la biodiversit\u00e9, et les habitants de toutes les villes et de tous les villages seront confront\u00e9s \u00e0 des souffrances indicibles.<br\/><br\/>Covid-19 a touch\u00e9 des villes et des r\u00e9gions du monde entier, aggravant les in\u00e9galit\u00e9s et exposant la vuln\u00e9rabilit\u00e9 de nos communaut\u00e9s et de l&#8217;\u00e9conomie mondiale, tout en nous offrant une chance de changer de cap.<\/p>\n\n<p>Les conflits, et en particulier la guerre en Ukraine, ont \u00e9galement eu un impact mondial.<br\/><br\/>Les urbanistes du monde entier sont pr\u00eats \u00e0 aider \u00e0 relever ces d\u00e9fis. La planification est n\u00e9cessaire pour aider les communaut\u00e9s \u00e0 s&#8217;adapter, \u00e0 prosp\u00e9rer et \u00e0 renforcer leur r\u00e9silience en vue d&#8217;un avenir v\u00e9ritablement durable. Nous appelons \u00e0 un renforcement urgent des capacit\u00e9s dans les villes qui en ont le plus besoin. Suite \u00e0 notre d\u00e9claration de Katowice en juin 2022, nous affirmons qu&#8217;il ne peut y avoir de d\u00e9veloppement durable sans urbanisation durable et qu&#8217;il ne peut y avoir d&#8217;urbanisation durable sans planification efficace. Une planification efficace n\u00e9cessite toutefois un soutien politique, un investissement en ressources financi\u00e8res et humaines, ainsi qu&#8217;une autonomisation et un engagement authentiques de la communaut\u00e9.<br\/><br\/>Cette ann\u00e9e, la 73e journ\u00e9e mondiale de l&#8217;urbanisme se d\u00e9roule pendant la COP27. En tant que planificateurs, nous appelons les nations et les villes \u00e0 mettre en \u0153uvre de toute urgence des mesures climatiques inclusives et ambitieuses et \u00e0 soutenir une transition juste vers une r\u00e9silience climatique nette z\u00e9ro, \u00e0 l&#8217;\u00e9chelle mondiale. Les plans doivent \u00eatre fond\u00e9s sur des syst\u00e8mes de transport plus durables, une meilleure qualit\u00e9 de l&#8217;air, davantage de nature, moins de pauvret\u00e9 et une r\u00e9duction de la consommation de ressources et d&#8217;\u00e9nergie, ainsi que de biens et d&#8217;aliments non biologiques.<br\/><br\/>Pour ce faire, nous plaidons pour une am\u00e9lioration des ressources humaines et techniques des institutions et fonctions de planification et pour un renforcement des gouvernements infranationaux afin de contr\u00f4ler l&#8217;am\u00e9nagement du territoire, de sorte que les plans locaux et nationaux puissent \u00eatre rapidement align\u00e9s sur les ODD et le Nouvel agenda urbain et qu&#8217;ils puissent rapidement respecter l&#8217;Accord de Paris.<br\/><br\/>Cela signifie qu&#8217;il faut repenser la planification de mani\u00e8re \u00e0 ce que les le\u00e7ons tir\u00e9es des limites de la croissance sur une plan\u00e8te aux ressources limit\u00e9es puissent \u00eatre partag\u00e9es par la soci\u00e9t\u00e9. L&#8217;adoption d&#8217;une approche locale de l&#8217;urgence climatique et la lutte contre les in\u00e9galit\u00e9s n\u00e9cessitent une collaboration entre les urbanistes et les professions connexes, la soci\u00e9t\u00e9 civile et le secteur priv\u00e9, ainsi qu&#8217;une approche souple pour favoriser l&#8217;innovation, l&#8217;apprentissage et l&#8217;adaptation.<br\/><br\/>Pour ce faire, il sera essentiel de cr\u00e9er des capacit\u00e9s permettant une planification strat\u00e9gique et participative efficace aux niveaux r\u00e9gional et national, de lutter contre les in\u00e9galit\u00e9s, d&#8217;exploiter le pouvoir des donn\u00e9es et des connaissances pour favoriser le changement et d&#8217;int\u00e9grer efficacement dans nos plans les voix des personnes les plus expos\u00e9es aux risques li\u00e9s \u00e0 l&#8217;urgence climatique.<br\/><br\/>Les villes accueillent la majorit\u00e9 de la population mondiale et contribuent largement aux \u00e9missions de gaz \u00e0 effet de serre, tout en repr\u00e9sentant la majeure partie de la consommation d&#8217;\u00e9nergie mondiale et de la production de d\u00e9chets et de pollution. Dans le m\u00eame temps, des centaines de millions de citadins &#8211; et en particulier les citadins pauvres et vuln\u00e9rables &#8211; sont menac\u00e9s par des temp\u00eates, des inondations et des vagues de chaleur plus violentes ou plus fr\u00e9quentes, par des contraintes en mati\u00e8re d&#8217;approvisionnement en eau douce et en nourriture, et par des risques sanitaires accrus. Il est donc essentiel de renforcer la r\u00e9silience des villes.<br\/><br\/>Les villes-r\u00e9gions sont au premier plan des urgences actuelles. L&#8217;utilisation d&#8217;une planification efficace \u00e0 travers eux peut jouer un r\u00f4le important pour relever les d\u00e9fis du changement climatique. Les collectivit\u00e9s locales, en raison de leurs relations \u00e9troites avec les entreprises, les r\u00e9sidents et les institutions, offrent la possibilit\u00e9 de mettre en \u0153uvre rapidement de nouvelles politiques en r\u00e9ponse \u00e0 des d\u00e9fis sociaux, environnementaux et \u00e9conomiques urgents. En travaillant ensemble dans des domaines plus vastes, ils peuvent apporter une action suppl\u00e9mentaire puissante pour relever efficacement ces d\u00e9fis.<br\/><br\/>Les fonctions de planification locale sont essentielles pour mobiliser les ressources, redistribuer les hausses de valeur fonci\u00e8re et fournir des solutions d&#8217;adaptation et d&#8217;att\u00e9nuation v\u00e9ritablement inclusives et bas\u00e9es sur le lieu, que les communaut\u00e9s peuvent influencer, coproduire et s&#8217;approprier.<br\/><br\/>Le r\u00f4le de la planification dans la mise en \u0153uvre de l&#8217;action climatique au niveau local n&#8217;est pas seulement essentiel pour d\u00e9terminer o\u00f9 nous construisons et comment nous nous d\u00e9pla\u00e7ons, mais aussi ce que nous construisons et comment nous le construisons. La planification peut \u00e9galement permettre de coordonner les investissements dans les infrastructures afin d&#8217;aligner les efforts sur le d\u00e9veloppement durable et la r\u00e9duction nette des \u00e9missions de gaz \u00e0 effet de serre.<br\/><br\/>Le Global Planners Network est fermement convaincu que les urbanistes du monde entier poss\u00e8dent les comp\u00e9tences uniques, le talent, le d\u00e9sir et l&#8217;engagement n\u00e9cessaires pour s&#8217;attaquer \u00e0 la crise mondiale \u00e0 laquelle nous sommes aujourd&#8217;hui confront\u00e9s. Les urbanistes sont pr\u00eats \u00e0 jouer leur r\u00f4le pour ma\u00eetriser les changements transformateurs en vue d&#8217;un avenir meilleur, plus \u00e9quitable et plus durable.<br\/><br\/>La Journ\u00e9e mondiale de l&#8217;urbanisme a lieu tous les 8 novembre. Elle rassemble les urbanistes et les collectivit\u00e9s pour c\u00e9l\u00e9brer la mani\u00e8re dont un bon urbanisme am\u00e9liore la vie des gens et profite \u00e0 la soci\u00e9t\u00e9 dans son ensemble, en cr\u00e9ant des lieux o\u00f9 il fait bon vivre, travailler et se divertir. Le professeur argentin Carlos Mar\u00eda della Paolera a lanc\u00e9 la Journ\u00e9e mondiale de l&#8217;urbanisme \u00e0 Buenos Aires en 1949. Aujourd&#8217;hui, les urbanistes de plus de 30 pays c\u00e9l\u00e8brent cette journ\u00e9e par des conf\u00e9rences, des concours scolaires, des collectes de fonds, des \u00e9v\u00e9nements caritatifs, des prix de l&#8217;urbanisme et des festivals de rue.<\/p>\n","protected":false},"excerpt":{"rendered":"<p>73\u00e8me journ\u00e9e mondiale de l&#8217;urbanisme D\u00e9claration Chaque personne et chaque communaut\u00e9 dans le monde est aujourd&#8217;hui menac\u00e9e par l&#8217;aggravation de la crise du climat et&hellip;<\/p>\n","protected":false},"author":12,"featured_media":0,"comment_status":"closed","ping_status":"closed","sticky":false,"template":"","format":"standard","meta":{"_acf_changed":false,"footnotes":""},"categories":[101],"tags":[],"class_list":["post-22266","post","type-post","status-publish","format-standard","hentry","category-actualites"],"acf":[],"_links":{"self":[{"href":"https:\/\/www.cip-icu.ca\/fr\/wp-json\/wp\/v2\/posts\/22266","targetHints":{"allow":["GET"]}}],"collection":[{"href":"https:\/\/www.cip-icu.ca\/fr\/wp-json\/wp\/v2\/posts"}],"about":[{"href":"https:\/\/www.cip-icu.ca\/fr\/wp-json\/wp\/v2\/types\/post"}],"author":[{"embeddable":true,"href":"https:\/\/www.cip-icu.ca\/fr\/wp-json\/wp\/v2\/users\/12"}],"replies":[{"embeddable":true,"href":"https:\/\/www.cip-icu.ca\/fr\/wp-json\/wp\/v2\/comments?post=22266"}],"version-history":[{"count":1,"href":"https:\/\/www.cip-icu.ca\/fr\/wp-json\/wp\/v2\/posts\/22266\/revisions"}],"predecessor-version":[{"id":22269,"href":"https:\/\/www.cip-icu.ca\/fr\/wp-json\/wp\/v2\/posts\/22266\/revisions\/22269"}],"wp:attachment":[{"href":"https:\/\/www.cip-icu.ca\/fr\/wp-json\/wp\/v2\/media?parent=22266"}],"wp:term":[{"taxonomy":"category","embeddable":true,"href":"https:\/\/www.cip-icu.ca\/fr\/wp-json\/wp\/v2\/categories?post=22266"},{"taxonomy":"post_tag","embeddable":true,"href":"https:\/\/www.cip-icu.ca\/fr\/wp-json\/wp\/v2\/tags?post=22266"}],"curies":[{"name":"wp","href":"https:\/\/api.w.org\/{rel}","templated":true}]}}