{"id":22332,"date":"2018-11-08T11:03:00","date_gmt":"2018-11-08T19:03:00","guid":{"rendered":"https:\/\/www.cip-icu.ca\/non-classifiee\/la-cip-lance-des-politiques-sur-les-communautes-en-bonne-sante-et-le-changement-climatique\/"},"modified":"2023-11-20T16:00:15","modified_gmt":"2023-11-21T00:00:15","slug":"la-cip-lance-des-politiques-sur-les-communautes-en-bonne-sante-et-le-changement-climatique","status":"publish","type":"post","link":"https:\/\/www.cip-icu.ca\/fr\/actualites\/la-cip-lance-des-politiques-sur-les-communautes-en-bonne-sante-et-le-changement-climatique\/","title":{"rendered":"La CIP lance des politiques sur les communaut\u00e9s en bonne sant\u00e9 et le changement climatique"},"content":{"rendered":"\n<p class=\"lede\"><strong>L&#8217;Institut canadien des urbanistes (ICU) lance des politiques sur les communaut\u00e9s en bonne sant\u00e9 et le changement climatique<\/strong><br\/><br\/><strong>Ottawa, le 8 novembre<\/strong> &#8211; L&#8217;Institut canadien des urbanistes (ICU) a le plaisir d&#8217;annoncer le lancement de deux politiques qui d\u00e9finissent le r\u00f4le que jouent l&#8217;urbanisme et les urbanistes pour relever les d\u00e9fis cruciaux auxquels sont confront\u00e9s les environnements b\u00e2tis et naturels du Canada.<br\/>Les politiques relatives aux <em>communaut\u00e9s en bonne sant\u00e9<\/em> et au <em>changement climatique<\/em> sont un appel \u00e0 l&#8217;action lanc\u00e9 aux urbanistes pour qu&#8217;ils concr\u00e9tisent la vision de l&#8217;ICU d&#8217;un Canada sain et durable gr\u00e2ce \u00e0 des pratiques de planification individuelles, collectives et collaboratives. Les politiques sont respectivement<br\/><\/p>\n\n<ul class=\"wp-block-list\">\n<li>Fixer l&#8217;objectif de la CIP pour parvenir \u00e0 des communaut\u00e9s saines et \u00e0 un avenir stable sur le plan climatique dans tout le Canada ;<\/li>\n\n\n\n<li>Fixer les objectifs n\u00e9cessaires pour atteindre ces buts dans nos environnements b\u00e2tis, naturels et sociaux ; et<\/li>\n\n\n\n<li>D\u00e9finir et d\u00e9crire les r\u00f4les et responsabilit\u00e9s des urbanistes professionnels d&#8217;aujourd&#8217;hui dans la r\u00e9alisation de ces objectifs.<\/li>\n<\/ul>\n\n<p>La pr\u00e9sidente de CIP-ICU, Eleanor Mohamed RPP, MCIP, a d\u00e9clar\u00e9 :<br\/><br\/><em>&#8220;Le lancement des politiques d&#8217;aujourd&#8217;hui r\u00e9affirme notre engagement national, en tant que professionnels, \u00e0 relever les d\u00e9fis les plus urgents et les plus complexes au c\u0153ur de nos communaut\u00e9s. Nos membres sont fiers de notre leadership et je suis convaincue que l&#8217;engagement de notre profession trouvera un \u00e9cho aupr\u00e8s des communaut\u00e9s, des gouvernements et de tous les secteurs de la soci\u00e9t\u00e9. Nous sommes tr\u00e8s fiers des contributions substantielles de nos membres \u00e0 l&#8217;\u00e9laboration de ces politiques importantes et opportunes.<\/em><br\/><br\/>L&#8217;\u00e9laboration des politiques a \u00e9t\u00e9 dirig\u00e9e par les comit\u00e9s &#8220;Communaut\u00e9s en sant\u00e9&#8221; et &#8220;Changement climatique&#8221; de l&#8217;ICU, qui ont consult\u00e9 des urbanistes professionnels, des praticiens de la sant\u00e9, des chercheurs sp\u00e9cialis\u00e9s dans le changement climatique, des universitaires, des militants et d&#8217;autres organisations partenaires et experts au moyen d&#8217;entretiens, d&#8217;enqu\u00eates et de groupes de discussion.<br\/><br\/>Le CIP utilisera ces politiques comme base pour ses futurs travaux en mati\u00e8re de politique et de d\u00e9fense des int\u00e9r\u00eats, pour l&#8217;\u00e9tablissement de partenariats, pour la mise \u00e0 disposition de ressources et pour le d\u00e9veloppement de son programme de formation professionnelle continue (CPL). Elle suivra et adaptera ces programmes en fonction des r\u00e9sultats des activit\u00e9s de sensibilisation men\u00e9es en permanence avec ses membres.<br\/><br\/>Lisez l&#8217;int\u00e9gralit\u00e9 de la politique des communaut\u00e9s en sant\u00e9, ainsi que des ressources et des rapports suppl\u00e9mentaires sur le site <a href=\"https:\/\/www.cip-icu.ca\/\/cip-icu.ca\/Healthy-Communities\">https:\/\/www.cip-icu.ca\/\/cip-icu.ca\/Healthy-Communities<\/a> et suivez la conversation sur Twitter @CIP_ICU.<br\/><br\/>Lisez l&#8217;int\u00e9gralit\u00e9 de la politique en mati\u00e8re de changement climatique, ainsi que des ressources et des rapports suppl\u00e9mentaires sur le site <a href=\"https:\/\/www.cip-icu.ca\/\/cip-icu.ca\/ClimateChange\">https:\/\/www.cip-icu.ca\/\/cip-icu.ca\/ClimateChange<\/a> et suivez la conversation sur Twitter @CIP_ICU.<\/p>\n","protected":false},"excerpt":{"rendered":"<p>L&#8217;Institut canadien des urbanistes (ICU) lance des politiques sur les communaut\u00e9s en bonne sant\u00e9 et le changement climatiqueOttawa, le 8 novembre &#8211; L&#8217;Institut canadien des&hellip;<\/p>\n","protected":false},"author":12,"featured_media":0,"comment_status":"closed","ping_status":"closed","sticky":false,"template":"","format":"standard","meta":{"_acf_changed":false,"footnotes":""},"categories":[101],"tags":[],"class_list":["post-22332","post","type-post","status-publish","format-standard","hentry","category-actualites"],"acf":[],"_links":{"self":[{"href":"https:\/\/www.cip-icu.ca\/fr\/wp-json\/wp\/v2\/posts\/22332","targetHints":{"allow":["GET"]}}],"collection":[{"href":"https:\/\/www.cip-icu.ca\/fr\/wp-json\/wp\/v2\/posts"}],"about":[{"href":"https:\/\/www.cip-icu.ca\/fr\/wp-json\/wp\/v2\/types\/post"}],"author":[{"embeddable":true,"href":"https:\/\/www.cip-icu.ca\/fr\/wp-json\/wp\/v2\/users\/12"}],"replies":[{"embeddable":true,"href":"https:\/\/www.cip-icu.ca\/fr\/wp-json\/wp\/v2\/comments?post=22332"}],"version-history":[{"count":1,"href":"https:\/\/www.cip-icu.ca\/fr\/wp-json\/wp\/v2\/posts\/22332\/revisions"}],"predecessor-version":[{"id":22333,"href":"https:\/\/www.cip-icu.ca\/fr\/wp-json\/wp\/v2\/posts\/22332\/revisions\/22333"}],"wp:attachment":[{"href":"https:\/\/www.cip-icu.ca\/fr\/wp-json\/wp\/v2\/media?parent=22332"}],"wp:term":[{"taxonomy":"category","embeddable":true,"href":"https:\/\/www.cip-icu.ca\/fr\/wp-json\/wp\/v2\/categories?post=22332"},{"taxonomy":"post_tag","embeddable":true,"href":"https:\/\/www.cip-icu.ca\/fr\/wp-json\/wp\/v2\/tags?post=22332"}],"curies":[{"name":"wp","href":"https:\/\/api.w.org\/{rel}","templated":true}]}}