{"id":22342,"date":"2022-07-22T16:24:00","date_gmt":"2022-07-22T23:24:00","guid":{"rendered":"https:\/\/www.cip-icu.ca\/non-classifiee\/elevation-2-0-faits-marquants-et-reflexions\/"},"modified":"2023-11-20T16:01:02","modified_gmt":"2023-11-21T00:01:02","slug":"elevation-2-0-faits-marquants-et-reflexions","status":"publish","type":"post","link":"https:\/\/www.cip-icu.ca\/fr\/blog\/elevation-2-0-faits-marquants-et-reflexions\/","title":{"rendered":"\u00c9l\u00e9vation 2.0 : Faits marquants et r\u00e9flexions"},"content":{"rendered":"\n<p class=\"lede\">En tant qu&#8217;\u00e9tudiante en stage d&#8217;\u00e9t\u00e9 au CIP, j&#8217;ai eu l&#8217;occasion d&#8217;assister virtuellement \u00e0 Elevation 2.0, la premi\u00e8re conf\u00e9rence annuelle du CIP depuis 2019. La conf\u00e9rence a propos\u00e9 des sessions sur une vari\u00e9t\u00e9 de sujets li\u00e9s \u00e0 la planification, a mis en lumi\u00e8re les laur\u00e9ats des prix et des bourses, et a accueilli les assembl\u00e9es g\u00e9n\u00e9rales annuelles de l&#8217;ICU et du PIBC. Alors que la conf\u00e9rence touche \u00e0 sa fin, j&#8217;aimerais mettre en lumi\u00e8re quelques-unes des sessions et des orateurs ci-dessous.<\/p>\n\n<figure class=\"wp-block-image size-full\"><img loading=\"lazy\" decoding=\"async\" width=\"300\" height=\"200\" src=\"https:\/\/www.cip-icu.ca\/wp-content\/uploads\/2023\/11\/07062022CIP241RR.jpg\" alt=\"\" class=\"wp-image-19869\"\/><\/figure>\n\n<p>La conf\u00e9rence a d\u00e9but\u00e9 le<sup>6<\/sup> juillet par un <strong>panel sur le logement et l&#8217;urbanisme<\/strong>.Ren Thomas RPP, MCIP, chercheuse et auteure prim\u00e9e, et les pan\u00e9listes Lilian Chau RPP, MCIP, PDG de Entre Nous Femmes Housing Society, Esther de Vos, directrice ex\u00e9cutive du BC Housing&#8217;s Research Centre, Deana Grinnell RPP, MCIP, vice-pr\u00e9sidente ex\u00e9cutive, Immobilier, Soci\u00e9t\u00e9 immobili\u00e8re du Canada, et Patricia Roset-Zuppa, vice-pr\u00e9sidente, \u00c9laboration des politiques, Soci\u00e9t\u00e9 canadienne d&#8217;hypoth\u00e8ques et de logement (SCHL). Le panel a rassembl\u00e9 une vari\u00e9t\u00e9 de perspectives sur la meilleure fa\u00e7on de parvenir \u00e0 un logement \u00e9quitable et abordable \u00e0 travers le Canada et en Colombie-Britannique. &#8220;Les d\u00e9fis sont tr\u00e8s r\u00e9els pour chacun d&#8217;entre nous, et plus nous les comprenons et trouvons des solutions, mieux nous nous porterons&#8221;, a d\u00e9clar\u00e9 M. Grinnell. Les pan\u00e9listes ont \u00e9voqu\u00e9 les succ\u00e8s r\u00e9cents de certains projets, soulign\u00e9 l&#8217;importance des partenariats et de la flexibilit\u00e9, et insist\u00e9 sur le r\u00f4le de tous les secteurs pour r\u00e9pondre \u00e0 une vari\u00e9t\u00e9 de besoins en mati\u00e8re de logement.<\/p>\n\n<figure class=\"wp-block-image size-full\"><img loading=\"lazy\" decoding=\"async\" width=\"300\" height=\"200\" src=\"https:\/\/www.cip-icu.ca\/wp-content\/uploads\/2023\/11\/07072022CIP435RR.jpg\" alt=\"\" class=\"wp-image-19868\"\/><\/figure>\n\n<p>Le deuxi\u00e8me jour, la pr\u00e9sentation de Mitchell Silver FAICP, <strong>Planning and Designing Equitable Places for All (Planifier et concevoir des lieux \u00e9quitables pour tous<\/strong>), a \u00e9t\u00e9 une v\u00e9ritable source d&#8217;inspiration et une pr\u00e9sentation m\u00e9morable de son exp\u00e9rience en tant que commissaire du d\u00e9partement des parcs de la ville de New York, o\u00f9 il a jou\u00e9 un r\u00f4le d\u00e9terminant dans la transformation des espaces publics de la ville. M. Silver, FAICP, a commenc\u00e9 par \u00e9voquer le r\u00f4le des urbanistes et la mani\u00e8re dont ils sont fondamentalement concern\u00e9s par la protection du bien-\u00eatre public et agissent en tant que gardiens de l&#8217;avenir. Il a d\u00e9crit l&#8217;importance pour la sant\u00e9 publique des parcs et des voies vertes, qui &#8220;sont devenus nos sanctuaires de sant\u00e9 mentale pendant la COIVD parce qu&#8217;ils ont le pouvoir de gu\u00e9rir et d&#8217;apporter de la joie&#8221;. Il a expliqu\u00e9 comment les espaces publics, en particulier les parcs, jouent un r\u00f4le important dans la promotion d&#8217;un sentiment de communaut\u00e9 et d&#8217;inclusion. Il a \u00e9galement not\u00e9 qu&#8217;en transformant des parcs auparavant d\u00e9labr\u00e9s, les membres de la communaut\u00e9 locale ont \u00e9t\u00e9 habilit\u00e9s \u00e0 devenir des intendants, contribuant ainsi \u00e0 maintenir les parcs r\u00e9nov\u00e9s en bon \u00e9tat. Ces parcs embellis ont \u00e9galement favoris\u00e9 un sentiment de dignit\u00e9 et d&#8217;appartenance, les membres de la communaut\u00e9 se sentant responsables de leurs espaces publics. C&#8217;\u00e9tait une pr\u00e9sentation vraiment \u00e9mouvante.<\/p>\n\n<p>J&#8217;ai \u00e9galement eu l&#8217;occasion de participer \u00e0 une s\u00e9ance tr\u00e8s interactive avec Lindsay Chase RPP, MCIP, directrice de la planification, ville de View Royal, et Pamela Shaw RPP, FCIP, directrice du programme de ma\u00eetrise en planification communautaire, Universit\u00e9 de l&#8217;\u00eele de Vancouver, intitul\u00e9e <strong>Beating Bad Arguments : Expliquer pourquoi vous avez raison<\/strong>. Soulignant la pertinence et l&#8217;importance du th\u00e8me de la session pour les urbanistes, Lindsay Chase a expliqu\u00e9 que &#8220;la qualit\u00e9 de nos vies et la qualit\u00e9 des environnements construits que nous nous effor\u00e7ons de produire d\u00e9pendent pr\u00e9cis\u00e9ment de la qualit\u00e9 de notre pens\u00e9e&#8221;. Les orateurs ont identifi\u00e9 les sophismes logiques \u00e0 conna\u00eetre, ont fourni des exemples pertinents pour la profession de planificateur et ont conclu par un exercice permettant aux participants d&#8217;appliquer ce qu&#8217;ils ont appris.<\/p>\n\n<p>En  <strong>Transport 2050 : Les cl\u00e9s d&#8217;un plan de transport visionnaire pour l&#8217;agglom\u00e9ration de Vancouver<\/strong>Les intervenants, Caitlin Cooper, planificatrice en chef, d\u00e9veloppement de strat\u00e9gies, TransLink, et Saki Aono, planificatrice, Translink, ont mis l&#8217;accent sur certaines des consid\u00e9rations et des strat\u00e9gies d&#8217;engagement qui ont pr\u00e9sid\u00e9 \u00e0 l&#8217;\u00e9laboration du plan, ainsi que sur une vue d&#8217;ensemble des objectifs et des mesures cibles du plan. M. Cooper a d\u00e9crit &#8220;le plus grand processus d&#8217;engagement du public de TransLink&#8221;, qui s&#8217;est concentr\u00e9 sur &#8220;l&#8217;\u00e9coute des valeurs, de la vision et des id\u00e9es de la population pour l&#8217;avenir&#8221;.<\/p>\n\n<p>Apr\u00e8s avoir suivi les sessions de la conf\u00e9rence, j&#8217;ai h\u00e2te d&#8217;en savoir plus sur la planification, d&#8217;autant plus que de nombreux sujets abord\u00e9s semblaient si pertinents pour le monde qui m&#8217;entoure. Le logement, le changement climatique, les transports et la r\u00e9conciliation ont \u00e9t\u00e9 parmi les sujets les plus discut\u00e9s, et j&#8217;ai appr\u00e9ci\u00e9 les liens entre le contenu et mon exp\u00e9rience en tant qu&#8217;\u00e9tudiante \u00e0 Ottawa.<\/p>\n\n<p>J&#8217;attends avec impatience les futurs \u00e9v\u00e9nements et opportunit\u00e9s d&#8217;apprentissage de la CIP, y compris le contenu de la conf\u00e9rence &#8220;<a href=\"https:\/\/www.cip-icu.ca\/navigation2023\"> Navigation 2023&#8243;<\/a> qui se tiendra \u00e0 Halifax. Pour l&#8217;instant, j&#8217;utiliserai le<a href=\"https:\/\/www.cip-icu.ca\/Learning-Hub\"> HUB d&#8217;apprentissage professionnel<\/a> du CIP pour regarder d&#8217;autres sessions de la conf\u00e9rence et me documenter sur les sujets de planification qui m&#8217;int\u00e9ressent.  <\/p>\n\n<p>Vous pouvez acc\u00e9der aux photos d&#8217;Elevation 2.0<a href=\"https:\/\/www.facebook.com\/cdnplanners\/photos_albums\"> via nos albums Facebook<\/a>.  <\/p>\n","protected":false},"excerpt":{"rendered":"<p>En tant qu&#8217;\u00e9tudiante en stage d&#8217;\u00e9t\u00e9 au CIP, j&#8217;ai eu l&#8217;occasion d&#8217;assister virtuellement \u00e0 Elevation 2.0, la premi\u00e8re conf\u00e9rence annuelle du CIP depuis 2019. La&hellip;<\/p>\n","protected":false},"author":12,"featured_media":21796,"comment_status":"closed","ping_status":"closed","sticky":false,"template":"","format":"standard","meta":{"_acf_changed":false,"footnotes":""},"categories":[92],"tags":[110,106,109,104],"class_list":["post-22342","post","type-post","status-publish","format-standard","has-post-thumbnail","hentry","category-blog","tag-conference-fr","tag-edia-fr","tag-logement","tag-soutien-carriere"],"acf":[],"_links":{"self":[{"href":"https:\/\/www.cip-icu.ca\/fr\/wp-json\/wp\/v2\/posts\/22342","targetHints":{"allow":["GET"]}}],"collection":[{"href":"https:\/\/www.cip-icu.ca\/fr\/wp-json\/wp\/v2\/posts"}],"about":[{"href":"https:\/\/www.cip-icu.ca\/fr\/wp-json\/wp\/v2\/types\/post"}],"author":[{"embeddable":true,"href":"https:\/\/www.cip-icu.ca\/fr\/wp-json\/wp\/v2\/users\/12"}],"replies":[{"embeddable":true,"href":"https:\/\/www.cip-icu.ca\/fr\/wp-json\/wp\/v2\/comments?post=22342"}],"version-history":[{"count":1,"href":"https:\/\/www.cip-icu.ca\/fr\/wp-json\/wp\/v2\/posts\/22342\/revisions"}],"predecessor-version":[{"id":22345,"href":"https:\/\/www.cip-icu.ca\/fr\/wp-json\/wp\/v2\/posts\/22342\/revisions\/22345"}],"wp:featuredmedia":[{"embeddable":true,"href":"https:\/\/www.cip-icu.ca\/fr\/wp-json\/wp\/v2\/media\/21796"}],"wp:attachment":[{"href":"https:\/\/www.cip-icu.ca\/fr\/wp-json\/wp\/v2\/media?parent=22342"}],"wp:term":[{"taxonomy":"category","embeddable":true,"href":"https:\/\/www.cip-icu.ca\/fr\/wp-json\/wp\/v2\/categories?post=22342"},{"taxonomy":"post_tag","embeddable":true,"href":"https:\/\/www.cip-icu.ca\/fr\/wp-json\/wp\/v2\/tags?post=22342"}],"curies":[{"name":"wp","href":"https:\/\/api.w.org\/{rel}","templated":true}]}}