{"id":22355,"date":"2023-02-01T15:51:00","date_gmt":"2023-02-01T23:51:00","guid":{"rendered":"https:\/\/www.cip-icu.ca\/non-classifiee\/mois-de-lhistoire-des-noirs-2023\/"},"modified":"2023-11-20T16:01:04","modified_gmt":"2023-11-21T00:01:04","slug":"mois-de-lhistoire-des-noirs-2023","status":"publish","type":"post","link":"https:\/\/www.cip-icu.ca\/fr\/blog\/mois-de-lhistoire-des-noirs-2023\/","title":{"rendered":"Mois de l&#8217;histoire des Noirs 2023"},"content":{"rendered":"\n<p class=\"lede\">L&#8217;Institut canadien des urbanistes (ICU) est fier de c\u00e9l\u00e9brer le Mois de l&#8217;histoire des Noirs 2023. Le th\u00e8me de cette ann\u00e9e est &#8220;<a href=\"https:\/\/www.canada.ca\/en\/canadian-heritage\/campaigns\/black-history-month.html\">C&#8217;est \u00e0 nous de le dire<\/a>&#8220;, soulignant l&#8217;importance de la repr\u00e9sentation et de l&#8217;\u00e9ducation dans la mise en place d&#8217;une soci\u00e9t\u00e9 plus \u00e9quitable qui ne laisse personne de c\u00f4t\u00e9.<\/p>\n\n<p>Cette ann\u00e9e, la CIP est fi\u00e8re de partager une d\u00e9claration commune, compos\u00e9e par la  L&#8217;<a href=\"https:\/\/ontarioplanners.ca\/home\">Institut des planificateurs professionnels de l&#8217;Ontario (IPPO<\/a> ) et soutenu par l&#8217;ensemble de l&#8217;<a href=\"https:\/\/ontarioplanners.ca\/home\">Institut des planificateurs professionnels de l&#8217;Ontario<\/a> (IPPO).  <a href=\"https:\/\/www.cip-icu.ca\/\/cip-icu.ca\/Resources\/Provincial-and-Territorial-Institutes-and-Associat\">Instituts et associations provinciaux et territoriaux<\/a>, qui affirme notre conviction commune que &#8220;l&#8217;\u00e9coute des voix noires est fondamentale pour faire progresser la profession d&#8217;urbaniste et transformer les processus et les pratiques d&#8217;urbanisme et de prise de d\u00e9cision&#8221;.<\/p>\n\n<p>Lire la d\u00e9claration <a href=\"https:\/\/www.cip-icu.ca\/fr\/actualites\/declaration-commune-sur-le-mois-de-lhistoire-des-noirs-2023\/#.Y9pxWHDMJPY\">ici<\/a>.<\/p>\n\n<figure class=\"wp-block-image size-full\"><img loading=\"lazy\" decoding=\"async\" width=\"685\" height=\"200\" src=\"https:\/\/www.cip-icu.ca\/wp-content\/uploads\/2023\/11\/image-24.png\" alt=\"\" class=\"wp-image-19811\" srcset=\"https:\/\/www.cip-icu.ca\/wp-content\/uploads\/2023\/11\/image-24.png 685w, https:\/\/www.cip-icu.ca\/wp-content\/uploads\/2023\/11\/image-24-636x186.png 636w\" sizes=\"auto, (max-width: 685px) 100vw, 685px\" \/><\/figure>\n\n<p>En c\u00e9l\u00e9brant les r\u00e9alisations et les perspectives des urbanistes noirs et en sensibilisant aux questions d&#8217;\u00e9quit\u00e9 dans l&#8217;urbanisme, la profession peut s&#8217;orienter vers un avenir positif. Guid\u00e9 par notre plan strat\u00e9gique &#8211; 1<a href=\"https:\/\/www.cip-icu.ca\/getattachment\/Who-We-Are\/Strategic-Plan\/CIP_1835Days.pdf.aspx\">835 jours d&#8217;impact &#8211; le CIP<\/a>s&#8217;engage \u00e0 r\u00e9aliser une planification plus \u00e9quitable, ensemble, et une vision de communaut\u00e9s inclusives et dynamiques, connect\u00e9es de mani\u00e8re respectueuse au monde naturel, pour le bien-\u00eatre des g\u00e9n\u00e9rations actuelles et futures.<\/p>\n\n<p>&#8220;Le Mois de l&#8217;histoire des Noirs est une occasion importante pour la communaut\u00e9 des urbanistes de se r\u00e9unir et de c\u00e9l\u00e9brer les contributions des urbanistes noirs et des professionnels apparent\u00e9s \u00e0 la cr\u00e9ation de communaut\u00e9s plus \u00e9quitables pour tous. Avec le th\u00e8me de cette ann\u00e9e &#8220;Ours to Tell&#8221;, l&#8217;ICU reconna\u00eet que l&#8217;\u00e9coute des voix noires et l&#8217;amplification de leurs histoires et exp\u00e9riences est une composante fondamentale de l&#8217;allyness. Ce th\u00e8me nous rappelle \u00e9galement que les urbanistes doivent tenir compte des contributions et des r\u00e9alit\u00e9s des membres de la communaut\u00e9 noire afin d&#8217;\u00e9liminer les barri\u00e8res sociales et raciales qu&#8217;ils rencontrent et d&#8217;aspirer \u00e0 corriger les injustices historiques de l&#8217;exclusion sociale et de la discrimination dans lesquelles la profession a jou\u00e9 un r\u00f4le. Avec le partenariat et le respect, les urbanistes peuvent travailler ensemble pour construire des communaut\u00e9s inclusives et dynamiques pour aujourd&#8217;hui et pour demain&#8221;.<\/p>\n\n<p>Dan Huang RPP, MCIP<\/p>\n\n<p>Pr\u00e9sident de l&#8217;Institut canadien des urbanistes<\/p>\n\n<p>Le CIP s&#8217;est \u00e9galement associ\u00e9 \u00e0 l&#8217;OPPI pour un prochain \u00e9v\u00e9nement virtuel en direct et \u00e0 la demande avec la<a href=\"https:\/\/www.blackplanners.ca\/\"> Black Planners and Urbanists Association (Association des urbanistes et planificateurs noirs)<\/a>. Rejoignez-nous pour &#8220;Inhibited Growth : Examen des lacunes en mati\u00e8re d&#8217;investissements publics dans les besoins en infrastructures des Noirs&#8221; sur  <strong>17 f\u00e9vrier \u00e0 9h00 ET<\/strong>. Pour plus d&#8217;informations sur l&#8217;\u00e9v\u00e9nement virtuel GRATUIT ou pour vous inscrire, cliquez<a href=\"https:\/\/members.ontarioplanners.ca\/mpower\/event\/landing.action?id=67\"> ici<\/a>.<\/p>\n\n<p>\u00c0 l&#8217;occasion du Mois de l&#8217;histoire des Noirs, la CIP et l&#8217;OPPI ont rassembl\u00e9 plusieurs ressources sur l&#8217;urbanisme noir, le racisme anti-noir et d&#8217;autres sujets pertinents. Consultez notre liste de ressources ci-dessous.<\/p>\n\n<p><strong>Ressources :<\/strong><\/p>\n\n<p><strong>Mois de l&#8217;histoire des Noirs au Canada<\/strong><\/p>\n\n<ul class=\"wp-block-list\">\n<li><a href=\"https:\/\/www.canada.ca\/en\/canadian-heritage\/campaigns\/black-history-month.html\">Gouvernement du Canada : F\u00e9vrier est le Mois de l&#8217;histoire des Noirs<\/a><\/li>\n\n\n\n<li><a href=\"https:\/\/www.thecanadianencyclopedia.ca\/en\/collection\/black-history-in-canada?gclid=EAIaIQobChMIv8-l9bPs2AIVk0wNCh2zFQaWEAAYASAAEgLOo_D_BwE\">L&#8217;Encyclop\u00e9die canadienne : L&#8217;histoire des Noirs au Canada<\/a><\/li>\n<\/ul>\n\n<p><strong>Ressources du PIC sur l&#8217;\u00e9quit\u00e9, la diversit\u00e9 et l&#8217;inclusion<\/strong><\/p>\n\n<ul class=\"wp-block-list\">\n<li><a href=\"https:\/\/www.cip-icu.ca\/Files\/EDI-Insight-Survey\/20211019_Equity-Diversity-Inclusion-Insight-Survey.aspx\">Enqu\u00eate sur l&#8217;\u00e9quit\u00e9, la diversit\u00e9 et l&#8217;inclusion du PCI<\/a> (octobre 2021)<\/li>\n\n\n\n<li><a href=\"https:\/\/www.cip-icu.ca\/getattachment\/Topics-in-Planning\/Equity-Diversity-and-Inclusion\/EDI-Roadmap-English-Final-2.pdf.aspx\">Feuille de route pour l&#8217;\u00e9quit\u00e9, la diversit\u00e9 et l&#8217;inclusion<\/a><\/li>\n\n\n\n<li><a href=\"https:\/\/www.youtube.com\/watch?v=P38xqANn-0I&amp;t=5s\">Planification et \u00e9quit\u00e9 sociale et diversit\u00e9<\/a> (webinaire CIP, octobre 2020)<\/li>\n\n\n\n<li><a href=\"https:\/\/www.youtube.com\/watch?v=kDs8C6MvSKc\">Fondements de l&#8217;\u00e9quit\u00e9, de la diversit\u00e9 et de l&#8217;inclusion pour la communaut\u00e9 des planificateurs<\/a> (webinaire CIP 18 janvier 2021)<\/li>\n\n\n\n<li><a href=\"https:\/\/www.youtube.com\/watch?v=AV7QKVllvsI\">Naviguer entre race, \u00e9quit\u00e9 et privil\u00e8ges<\/a> (webinaire CIP avec HRx, septembre 2021)<\/li>\n\n\n\n<li><a href=\"https:\/\/youtu.be\/J1h8fVovoBs\">Conf\u00e9rence nationale du PCI 2017 &#8211; Tamika Butler ESQ<\/a><\/li>\n\n\n\n<li><a href=\"https:\/\/www.cip-pstf.ca\/scholarships\">CIP-PSTF &#8211; Bourse d&#8217;impact sur la diversit\u00e9 du CIP<\/a><\/li>\n<\/ul>\n\n<p><strong>Ressources de l&#8217;OMPI<\/strong><\/p>\n\n<ul class=\"wp-block-list\">\n<li><a href=\"https:\/\/www.cip-icu.ca\/\/ontarioplanners.ca\/OPPIAssets\/Documents\/Become-an-RPP\/Final-ABRPTF-Report-to-Council.pdf\">Rapport au Conseil de l&#8217;OPPI contenant les recommandations finales de l&#8217;ABRP (Anti-Black Racism in Planning)<\/a><\/li>\n\n\n\n<li><a href=\"https:\/\/ontarioplanners.ca\/blog\/planning-exchange\/february-1\/urban-planning-and-anti-black-racism-in-canada-reflections-on-the-past-as-a-way-to-promote-a-better\">Le racisme anti-noir au Canada : R\u00e9flexions sur le pass\u00e9 comme moyen de promouvoir un avenir meilleur<\/a><\/li>\n\n\n\n<li><a href=\"https:\/\/ontarioplanners.ca\/blog\/planning-exchange\/july-2020\/anti-black-racism-in-the-liveable-city-and-canada\">Racisme anti-noir dans la ville vivable et au Canada  <\/a><\/li>\n\n\n\n<li>Appel \u00e0 des alli\u00e9s pour lutter contre le racisme anti-Noirs<\/li>\n\n\n\n<li><a href=\"https:\/\/ontarioplanners.ca\/OPPIAssets\/Documents\/Y-Magazine\/OPPI_YMag_Summer-2020_F_Rev_SinglePages-Revised.pdf\">Y Magazine : Justice spatiale sur l&#8217;\u00eele de la Tortue : Perspectives des autochtones, des Noirs et des nouveaux arrivants &#8211; Page 23<\/a><\/li>\n\n\n\n<li><a href=\"https:\/\/vimeo.com\/527937309\/a2f6bd28a2\">Webinaire du vendredi du Forum de l&#8217;OPPI : Une voix noire dans la planification &#8211; La repr\u00e9sentation est importante<\/a><\/li>\n\n\n\n<li><a href=\"https:\/\/www.toronto.ca\/community-people\/get-involved\/community\/confronting-anti-black-racism\/\">Ville de Toronto : La lutte contre le racisme anti-noir<\/a><\/li>\n\n\n\n<li><a href=\"https:\/\/www.toronto.ca\/explore-enjoy\/history-art-culture\/black-history-month\/\">Ville de Toronto : Mois de l&#8217;histoire des Noirs<\/a><\/li>\n<\/ul>\n\n<p><strong>Guides et articles<\/strong><\/p>\n\n<ul class=\"wp-block-list\">\n<li><a href=\"https:\/\/www.un.org\/en\/observances\/decade-people-african-descent\/programme-activities\">Programme d&#8217;activit\u00e9s pour la mise en \u0153uvre de la D\u00e9cennie internationale des personnes d&#8217;ascendance africaine<\/a> Nations unies (2015-2024)<\/li>\n\n\n\n<li><a href=\"https:\/\/www.torontomu.ca\/fcs-news-events\/news\/2022\/01\/black-experiences-with-planning-in-canada\/\">Black Experiences with Planning in Canada<\/a> (Universit\u00e9 m\u00e9tropolitaine de Toronto, juin 2022)<\/li>\n\n\n\n<li><a href=\"https:\/\/bvotc.shinyapps.io\/Guide\/\">Black Voices on the City &#8211; A Resource Guide<\/a> (Document cr\u00e9\u00e9 par ceux qui s&#8217;identifient comme des alli\u00e9s)<\/li>\n\n\n\n<li><a href=\"https:\/\/euc.yorku.ca\/wp-content\/uploads\/2021\/03\/EBPP_2021-03-22_FINAL.pdf\">Engaging Black People &amp; Power &#8211; A Public Engagement and Urban Policy Primer (Engagement public et politique urbaine) par Jay Pitter<\/a><\/li>\n\n\n\n<li><a href=\"https:\/\/www.csla-aapc.ca\/sites\/csla-aapc.ca\/files\/The%20Planner's%20Beginner%20Guide%20to%20the%20%23BlackLivesMatter%20Movement_DD.pdf\">Guide du planificateur pour d\u00e9butants sur le mouvement #BlackLivesMatter<\/a><\/li>\n\n\n\n<li><a href=\"https:\/\/www.planning.org\/blog\/9249394\/professional-inequality-within-urban-planning\/\">Planning Magazine (APA) &#8211; In\u00e9galit\u00e9 professionnelle au sein de l&#8217;urbanisme<\/a> (juin 2022)<\/li>\n\n\n\n<li><a href=\"https:\/\/www.thestar.com\/news\/gta\/2021\/02\/27\/urban-renewal-has-displaced-black-communities-in-canada-in-the-past-can-getting-involved-early-in-the-planning-stop-it-from-happening-again.html?utm_source=Twitter&amp;utm_medium=SocialMedia&amp;utm_campaign=GTA&amp;utm_content=urbanrenewalblackcommunities\">Par le pass\u00e9, la r\u00e9novation urbaine a d\u00e9plac\u00e9 des communaut\u00e9s noires au Canada : Une implication pr\u00e9coce dans la planification peut-elle emp\u00eacher que cela ne se reproduise ?<\/a><\/li>\n<\/ul>\n\n<p><strong>Ressources litt\u00e9raires et multim\u00e9dias<\/strong><\/p>\n\n<ul class=\"wp-block-list\">\n<li>Livre : Subdivis\u00e9 : La construction des villes \u00e0 l&#8217;\u00e8re de l&#8217;hyper diversit\u00e9<\/li>\n\n\n\n<li>Livre :<a href=\"https:\/\/www.cip-icu.ca\/\/www.designforthejustcity.org\/\"> Designing for a Just City<\/a> Lab (Harvard Graduate School of Design)<\/li>\n\n\n\n<li><a href=\"https:\/\/canurb.org\/citytalk-news\/black-influence-in-urban-planning\/\">Webinaire :<\/a> L<a href=\"https:\/\/canurb.org\/citytalk-news\/black-influence-in-urban-planning\/\">&#8216;influence des Noirs dans la planification urbaine<\/a> (Institut urbain du Canada, mars 2022)<\/li>\n\n\n\n<li><a href=\"https:\/\/canurb.org\/citytalk-news\/how-do-we-respond-to-anti-black-racism-in-urbanist-practices-and-conversations\/\">Webinaire : Comment r\u00e9pondre au racisme anti-noir dans les pratiques et les conversations des urbanistes ?<\/a>  (Institut urbain du Canada, juin 2020)<\/li>\n\n\n\n<li><a href=\"https:\/\/fb.watch\/aVbRSaSRaz\/\">Vid\u00e9o : La planification \u00e0 d\u00e9couvert : L&#8217;histoire d&#8217;Africville<\/a><\/li>\n\n\n\n<li><a href=\"https:\/\/nicozucco.ca\/reviving-hogans-alley-documentary\">Documentaire : Faire revivre Hogan&#8217;s Alley<\/a><\/li>\n\n\n\n<li><a href=\"https:\/\/www.nfb.ca\/film\/remember-africville\/\">Documentaire : Remember Africville<\/a> (Office national du film du Canada)<\/li>\n\n\n\n<li><a href=\"https:\/\/youtu.be\/-_hh4psVqkE\">\u00c9pisode : Qu&#8217;est-ce qu&#8217;une approche de la planification fond\u00e9e sur les droits de l&#8217;homme ?<\/a>  (L&#8217;agenda de TVO)<\/li>\n\n\n\n<li><a href=\"https:\/\/www.cbc.ca\/listen\/cbc-podcasts\/203-the-secret-life-of-canada\/episode\/15901731-porter-primers-how-porters-created-black-neighbourhoods\">Balado : The Secret Life of Canada &#8211; Porter Primers : How porters created Black neighbourhoods<\/a> (CBC Canada)<\/li>\n\n\n\n<li><a href=\"https:\/\/www.urbanlimitrophe.com\/2022\/02\/BlackPlanningProject-Diversifying-UrbanPlanning.html\">Podcast : Comment le Black Planning Project diversifie l&#8217;urbanisme, une histoire \u00e0 la fois<\/a><a href=\"https:\/\/www.cip-icu.ca\/\/www.urbanlimitrophe.com\/2022\/02\/BlackPlanningProject-Diversifying-UrbanPlanning.html\"> (Limitrophe urbaine)<\/a><\/li>\n\n\n\n<li><a href=\"https:\/\/www.africvilleforever.com\/episodes\">Podcast : Africville Forever<\/a><\/li>\n\n\n\n<li><a href=\"https:\/\/www.listennotes.com\/podcasts\/cities-unmasked\/episode-5-race-and-the-city-Bcz7_GTRoWP\/\">Podcast : La race et la ville (Cities Unmasked)<\/a><\/li>\n\n\n\n<li><a href=\"https:\/\/www.youtube.com\/channel\/UCBYTT068xGAaIV1xj1oAx7A\">Balado :<\/a> L&#8217;<a href=\"https:\/\/www.youtube.com\/channel\/UCBYTT068xGAaIV1xj1oAx7A\">autonomisation de la jeunesse noire canadienne<\/a> (The Black Elevator)<\/li>\n\n\n\n<li><a href=\"https:\/\/blackhistorysociety.ca\/educational-resources\/\">Soci\u00e9t\u00e9 ontarienne de l&#8217;histoire des Noirs : #ShareTheirStory<\/a><\/li>\n\n\n\n<li><a href=\"https:\/\/www.ontario.ca\/page\/annual-progress-report-2022-ontarios-anti-racism-strategic-plan\">Rapport annuel d&#8217;activit\u00e9 2022 : Plan strat\u00e9gique de lutte contre le racisme de l&#8217;Ontario<\/a><\/li>\n\n\n\n<li><a href=\"https:\/\/cpplanning.ca\/planning-and-race\">Planification du CP : Planification et course<\/a><\/li>\n<\/ul>\n","protected":false},"excerpt":{"rendered":"<p>L&#8217;Institut canadien des urbanistes (ICU) est fier de c\u00e9l\u00e9brer le Mois de l&#8217;histoire des Noirs 2023. Le th\u00e8me de cette ann\u00e9e est &#8220;C&#8217;est \u00e0 nous&hellip;<\/p>\n","protected":false},"author":12,"featured_media":21774,"comment_status":"closed","ping_status":"closed","sticky":false,"template":"","format":"standard","meta":{"_acf_changed":false,"footnotes":""},"categories":[92],"tags":[106],"class_list":["post-22355","post","type-post","status-publish","format-standard","has-post-thumbnail","hentry","category-blog","tag-edia-fr"],"acf":[],"_links":{"self":[{"href":"https:\/\/www.cip-icu.ca\/fr\/wp-json\/wp\/v2\/posts\/22355","targetHints":{"allow":["GET"]}}],"collection":[{"href":"https:\/\/www.cip-icu.ca\/fr\/wp-json\/wp\/v2\/posts"}],"about":[{"href":"https:\/\/www.cip-icu.ca\/fr\/wp-json\/wp\/v2\/types\/post"}],"author":[{"embeddable":true,"href":"https:\/\/www.cip-icu.ca\/fr\/wp-json\/wp\/v2\/users\/12"}],"replies":[{"embeddable":true,"href":"https:\/\/www.cip-icu.ca\/fr\/wp-json\/wp\/v2\/comments?post=22355"}],"version-history":[{"count":1,"href":"https:\/\/www.cip-icu.ca\/fr\/wp-json\/wp\/v2\/posts\/22355\/revisions"}],"predecessor-version":[{"id":22360,"href":"https:\/\/www.cip-icu.ca\/fr\/wp-json\/wp\/v2\/posts\/22355\/revisions\/22360"}],"wp:featuredmedia":[{"embeddable":true,"href":"https:\/\/www.cip-icu.ca\/fr\/wp-json\/wp\/v2\/media\/21774"}],"wp:attachment":[{"href":"https:\/\/www.cip-icu.ca\/fr\/wp-json\/wp\/v2\/media?parent=22355"}],"wp:term":[{"taxonomy":"category","embeddable":true,"href":"https:\/\/www.cip-icu.ca\/fr\/wp-json\/wp\/v2\/categories?post=22355"},{"taxonomy":"post_tag","embeddable":true,"href":"https:\/\/www.cip-icu.ca\/fr\/wp-json\/wp\/v2\/tags?post=22355"}],"curies":[{"name":"wp","href":"https:\/\/api.w.org\/{rel}","templated":true}]}}