{"id":22361,"date":"2023-01-09T15:56:00","date_gmt":"2023-01-09T23:56:00","guid":{"rendered":"https:\/\/www.cip-icu.ca\/non-classifiee\/le-cip-celebre-la-semaine-des-boursiers-du-9-au-13-janvier-2023\/"},"modified":"2023-11-20T16:01:04","modified_gmt":"2023-11-21T00:01:04","slug":"le-cip-celebre-la-semaine-des-boursiers-du-9-au-13-janvier-2023","status":"publish","type":"post","link":"https:\/\/www.cip-icu.ca\/fr\/blog\/le-cip-celebre-la-semaine-des-boursiers-du-9-au-13-janvier-2023\/","title":{"rendered":"Le CIP c\u00e9l\u00e8bre la semaine des boursiers du 9 au 13 janvier 2023"},"content":{"rendered":"\n<p class=\"lede\">En reconnaissance et en c\u00e9l\u00e9bration des r\u00e9alisations du<a href=\"https:\/\/www.cip-icu.ca\/about-us\/College-of-Fellows\"> Coll\u00e8ge des fellows<\/a> de l&#8217;ICU, la Semaine des fellows 2023 met en lumi\u00e8re l&#8217;impact positif des membres du Coll\u00e8ge sur la profession d&#8217;urbaniste dans les domaines prioritaires d\u00e9crits dans le plan strat\u00e9gique quinquennal de l&#8217;ICU, \u00e0 savoir<a href=\"https:\/\/www.cip-icu.ca\/getattachment\/Who-We-Are\/Strategic-Plan\/CIP_1835Days.pdf.aspx\">\n  <em>1 835 jours d&#8217;impact<\/em>\n<\/a><em>.<\/em><em><br\/><\/em><br\/>Chaque ann\u00e9e, l&#8217;ICU accepte des nominations pour le Coll\u00e8ge des Fellows, la plus haute distinction que l&#8217;Institut puisse accorder \u00e0 un urbaniste. Dans le cadre de l&#8217;engagement de l&#8217;ICU en faveur d&#8217;<em>une planification plus \u00e9quitable, ensemble,<\/em> l&#8217;Institut c\u00e9l\u00e8bre et promeut l&#8217;\u00e9quit\u00e9, la diversit\u00e9 et l&#8217;inclusion, et encourage les nominations qui refl\u00e8tent la diversit\u00e9 de la profession.<br\/><br\/>Les <strong>nominations pour 2023 sont attendues pour le 23 janvier<\/strong>.<\/p>\n\n<p>Les cinq laur\u00e9ats de cette ann\u00e9e ont tous eu un impact multiple et durable sur la profession, faisant progresser la<a href=\"https:\/\/www.cip-icu.ca\/about-us\/Strategic-Plan\"> vision de<\/a> l&#8217;ICU pour des <em>communaut\u00e9s inclusives et dynamiques, respectueusement connect\u00e9es au monde naturel, pour le bien-\u00eatre des g\u00e9n\u00e9rations actuelles et futures<\/em>.<em><br\/><\/em><br\/>Merci \u00e0 tous nos Fellows pour leur d\u00e9vouement et leur engagement envers la profession.<br\/> <\/p>\n\n<h3 class=\"wp-block-heading\"><strong><\/strong><strong>2023 BOURSIERS EN VEDETTE<\/strong><\/h3>\n\n<h4 class=\"wp-block-heading\"><strong>Linda Allen FCIP <em>(1949-2022) <\/em>(2002)  <\/strong><\/h4>\n\n<figure class=\"wp-block-image size-full\"><img loading=\"lazy\" decoding=\"async\" width=\"700\" height=\"140\" src=\"https:\/\/www.cip-icu.ca\/wp-content\/uploads\/2023\/11\/Banner-Linda-Allen-EN.jpg\" alt=\"\" class=\"wp-image-19818\" srcset=\"https:\/\/www.cip-icu.ca\/wp-content\/uploads\/2023\/11\/Banner-Linda-Allen-EN.jpg 700w, https:\/\/www.cip-icu.ca\/wp-content\/uploads\/2023\/11\/Banner-Linda-Allen-EN-636x127.jpg 636w\" sizes=\"auto, (max-width: 700px) 100vw, 700px\" \/><\/figure>\n\n<p><br\/>La regrett\u00e9e Linda Allen (Colombie-Britannique) \u00e9tait une pionni\u00e8re dans la profession d&#8217;urbaniste, anim\u00e9e par ses id\u00e9aux d&#8217;\u00e9quit\u00e9, d&#8217;accessibilit\u00e9 et de durabilit\u00e9 sociale. En tant que cofondatrice de CitySpaces Consulting, elle a d\u00e9fendu sans rel\u00e2che la cause du logement abordable et a \u00e9t\u00e9 toute sa vie un mentor et un soutien pour les \u00e9tudiants et les jeunes professionnels, laissant un impact ind\u00e9l\u00e9bile sur la profession. Pour en savoir plus sur l&#8217;h\u00e9ritage de Linda, cliquez ici <em>(Courtsey of PIBC)<br\/><\/em>  <\/p>\n\n<h4 class=\"wp-block-heading\"><strong>Lesley Cabott FCIP (2022)<\/strong><\/h4>\n\n<figure class=\"wp-block-image size-full\"><img loading=\"lazy\" decoding=\"async\" width=\"700\" height=\"140\" src=\"https:\/\/www.cip-icu.ca\/wp-content\/uploads\/2023\/11\/Banner-Lesley-Cabott-EN.png\" alt=\"\" class=\"wp-image-19817\" srcset=\"https:\/\/www.cip-icu.ca\/wp-content\/uploads\/2023\/11\/Banner-Lesley-Cabott-EN.png 700w, https:\/\/www.cip-icu.ca\/wp-content\/uploads\/2023\/11\/Banner-Lesley-Cabott-EN-636x127.png 636w\" sizes=\"auto, (max-width: 700px) 100vw, 700px\" \/><\/figure>\n\n<p>R\u00e9cemment intronis\u00e9e, Lesley Cabott (Yukon) a travaill\u00e9 dans tout le Canada et comprend les d\u00e9fis auxquels sont confront\u00e9es les communaut\u00e9s nordiques \u00e9loign\u00e9es, s&#8217;effor\u00e7ant de soutenir les d\u00e9cisions ax\u00e9es sur la durabilit\u00e9 et la r\u00e9silience \u00e0 long terme. Lesley a concentr\u00e9 ses efforts professionnels sur le changement climatique, la cr\u00e9ation de lieux et la planification \u00e9nerg\u00e9tique avec tous les niveaux de gouvernement, y compris les Premi\u00e8res nations, les Inuits et les M\u00e9tis, ainsi qu&#8217;avec l&#8217;industrie priv\u00e9e et d&#8217;innombrables groupes communautaires. Mentor et b\u00e9n\u00e9vole d\u00e9vou\u00e9e, elle est une dirigeante r\u00e9fl\u00e9chie, solidaire et inspirante, qui encourage le d\u00e9veloppement personnel et apporte un engagement de v\u00e9rit\u00e9 et de r\u00e9conciliation dans toutes les relations et tous les projets. Pour en savoir plus sur Lesley,<a href=\"https:\/\/www.cip-icu.ca\/about-us\/College-of-Fellows\/Recipients\/Lesley-Cabott-FCIP\"> cliquez ici<\/a>.<a href=\"https:\/\/www.cip-icu.ca\/about-us\/College-of-Fellows\/Recipients\/Lesley-Cabott-FCIP\"><br\/><\/a>  <\/p>\n\n<h4 class=\"wp-block-heading\"><strong>Jill Grant FCIP (2008)<\/strong><\/h4>\n\n<figure class=\"wp-block-image size-full\"><img loading=\"lazy\" decoding=\"async\" width=\"700\" height=\"140\" src=\"https:\/\/www.cip-icu.ca\/wp-content\/uploads\/2023\/11\/Banner-Jill-Grant-EN.png\" alt=\"\" class=\"wp-image-19816\" srcset=\"https:\/\/www.cip-icu.ca\/wp-content\/uploads\/2023\/11\/Banner-Jill-Grant-EN.png 700w, https:\/\/www.cip-icu.ca\/wp-content\/uploads\/2023\/11\/Banner-Jill-Grant-EN-636x127.png 636w\" sizes=\"auto, (max-width: 700px) 100vw, 700px\" \/><\/figure>\n\n<p>Jill est reconnue au sein de la profession pour ses contributions consid\u00e9rables \u00e0 la formation et \u00e0 la recherche, ax\u00e9es sur la compr\u00e9hension des liens et des lacunes entre la th\u00e9orie et la pratique de la planification. Ses recherches ont permis de mieux comprendre la planification et la conception d&#8217;environnements r\u00e9sidentiels, les pratiques et processus de d\u00e9veloppement urbain et les changements de voisinage. Elle a \u00e9galement publi\u00e9 un ouvrage sur l&#8217;histoire de la planification en Nouvelle-\u00c9cosse, qui met en lumi\u00e8re l&#8217;h\u00e9ritage de la pratique dans la province. Pour en savoir plus sur Jill, cliquez ici.<\/p>\n\n<h4 class=\"wp-block-heading\"><strong>Ann Joyner FCIP (2016)<\/strong><\/h4>\n\n<figure class=\"wp-block-image size-full\"><img loading=\"lazy\" decoding=\"async\" width=\"700\" height=\"140\" src=\"https:\/\/www.cip-icu.ca\/wp-content\/uploads\/2023\/11\/Banner-Ann-Joyner-EN.png\" alt=\"\" class=\"wp-image-19820\" srcset=\"https:\/\/www.cip-icu.ca\/wp-content\/uploads\/2023\/11\/Banner-Ann-Joyner-EN.png 700w, https:\/\/www.cip-icu.ca\/wp-content\/uploads\/2023\/11\/Banner-Ann-Joyner-EN-636x127.png 636w\" sizes=\"auto, (max-width: 700px) 100vw, 700px\" \/><\/figure>\n\n<p>Tout au long de sa carri\u00e8re, Ann a d\u00e9fendu avec passion la profession d&#8217;urbaniste, notamment en travaillant sur l&#8217;autor\u00e9gulation de la profession en Ontario. Elle d\u00e9fend depuis toujours le d\u00e9veloppement durable et l&#8217;am\u00e9nagement int\u00e9gr\u00e9 du territoire, de l&#8217;environnement et des infrastructures, ainsi que la cause des femmes dans la profession. Pour en savoir plus,<a href=\"https:\/\/www.cip-icu.ca\/about-us\/College-of-Fellows\/Recipients\/Ann-Joyner-FCIP\"> cliquez ici<\/a>.<\/p>\n\n<h4 class=\"wp-block-heading\"><strong>Glenn Miller FCIP (2005)<\/strong><\/h4>\n\n<figure class=\"wp-block-image size-full\"><img loading=\"lazy\" decoding=\"async\" width=\"700\" height=\"140\" src=\"https:\/\/www.cip-icu.ca\/wp-content\/uploads\/2023\/11\/Banner-Glenn-Miller-EN.png\" alt=\"\" class=\"wp-image-19819\" srcset=\"https:\/\/www.cip-icu.ca\/wp-content\/uploads\/2023\/11\/Banner-Glenn-Miller-EN.png 700w, https:\/\/www.cip-icu.ca\/wp-content\/uploads\/2023\/11\/Banner-Glenn-Miller-EN-636x127.png 636w\" sizes=\"auto, (max-width: 700px) 100vw, 700px\" \/><\/figure>\n\n<p>Glenn est un penseur urbain passionn\u00e9 et un stimulateur d&#8217;id\u00e9es importantes, tant \u00e0 l&#8217;int\u00e9rieur qu&#8217;\u00e0 l&#8217;ext\u00e9rieur de la profession. Il a travaill\u00e9 avec les gouvernements et le secteur priv\u00e9 pour \u00e9laborer des solutions politiques pratiques afin de r\u00e9soudre les probl\u00e8mes de logement des populations vieillissantes, ainsi que des plans de revitalisation des centres-villes. Ce travail comprend un rapport de 2017 qui a conduit \u00e0 l&#8217;inclusion de politiques favorables aux personnes \u00e2g\u00e9es dans le plan de croissance 2017 du gouvernement de l&#8217;Ontario pour la r\u00e9gion \u00e9largie du Golden Horseshoe. Pour en savoir plus sur Glenn<a href=\"https:\/\/www.cip-icu.ca\/about-us\/College-of-Fellows\/Recipients\/Glenn-Miller-FCIP\">, cliquez ici<br\/><\/a>  <\/p>\n\n<hr class=\"wp-block-separator has-alpha-channel-opacity\"\/>\n\n<h4 class=\"wp-block-heading\"><strong><\/strong><strong>\u00c0 PROPOS DU COLL\u00c8GE DES BOURSIERS<\/strong><\/h4>\n\n<p>La d\u00e9signation est un statut sp\u00e9cial pour les membres qui vise \u00e0 reconna\u00eetre l&#8217;excellence, \u00e0 identifier des mod\u00e8les importants, \u00e0 promouvoir et \u00e0 reconna\u00eetre les progr\u00e8s dans la pratique de la planification et \u00e0 attirer les leaders \u00e0 l&#8217;avant-garde de la planification au Canada. Il n&#8217;est d\u00e9cern\u00e9 qu&#8217;aux membres qui ont atteint le plus haut niveau professionnel et qui font preuve d&#8217;une grande exp\u00e9rience. Cette exp\u00e9rience professionnelle doit \u00eatre significative dans un contexte de planification canadien ou international. Pour \u00eatre \u00e9ligible, un urbaniste doit avoir atteint un haut degr\u00e9 d&#8217;excellence dans deux des quatre cat\u00e9gories suivantes :<\/p>\n\n<p>&#8211; Pratique professionnelle<br\/>&#8211; Enseignement et encadrement des planificateurs<br\/>&#8211; Planification et recherche communautaire<br\/>&#8211; Service communautaire et leadership dans la profession<\/p>\n\n<p>Les membres du Coll\u00e8ge travaillent en collaboration pour soutenir la profession d&#8217;urbaniste. Par le biais de sessions de rencontre et de mentorat, le CIP-PSTF<a href=\"https:\/\/www.cip-pstf.ca\/scholarships\"> <em>Bourse de premier cycle du Coll\u00e8ge des fellows du CIP<\/em><\/a>et le<a href=\"https:\/\/indspire.ca\/fr\/cof\/\"> <em>Indspire College of Fellows Indigenous Planning Student Award<\/em><\/a>les Fellows soutiennent activement la prochaine g\u00e9n\u00e9ration de professionnels de l&#8217;urbanisme.<br\/><br\/>Les boursiers apportent \u00e9galement une contribution importante au magazine<em> Plan Canada <\/em>par le biais du &#8220;Coin des boursiers&#8221;, une rubrique r\u00e9guli\u00e8re qui offre des perspectives diverses sur les th\u00e8mes pr\u00e9sent\u00e9s dans chaque num\u00e9ro. Le th\u00e8me du<a href=\"https:\/\/www.kelmanonline.com\/httpdocs\/files\/CIP\/plancanadawinter2022\/index.html\"> num\u00e9ro d&#8217;hiver 2022<\/a>, &#8220;Regarder en arri\u00e8re, regarder en avant&#8221;, a \u00e9galement \u00e9t\u00e9 inspir\u00e9 par l&#8217;occasion de c\u00e9l\u00e9brer le<sup>20e<\/sup> anniversaire de la cr\u00e9ation officielle du Coll\u00e8ge des boursiers.<\/p>\n\n<p>Lire les<a href=\"https:\/\/www.cip-icu.ca\/Files\/Awards\/Fellows\/Fellow-Nomination-Guidelines-2023.aspx\"> lignes directrices pour la nomination des candidats pour 2023<\/a><\/p>\n","protected":false},"excerpt":{"rendered":"<p>En reconnaissance et en c\u00e9l\u00e9bration des r\u00e9alisations du Coll\u00e8ge des fellows de l&#8217;ICU, la Semaine des fellows 2023 met en lumi\u00e8re l&#8217;impact positif des membres&hellip;<\/p>\n","protected":false},"author":12,"featured_media":21776,"comment_status":"closed","ping_status":"closed","sticky":false,"template":"","format":"standard","meta":{"_acf_changed":false,"footnotes":""},"categories":[92],"tags":[100],"class_list":["post-22361","post","type-post","status-publish","format-standard","has-post-thumbnail","hentry","category-blog","tag-honneurs-prix"],"acf":[],"_links":{"self":[{"href":"https:\/\/www.cip-icu.ca\/fr\/wp-json\/wp\/v2\/posts\/22361","targetHints":{"allow":["GET"]}}],"collection":[{"href":"https:\/\/www.cip-icu.ca\/fr\/wp-json\/wp\/v2\/posts"}],"about":[{"href":"https:\/\/www.cip-icu.ca\/fr\/wp-json\/wp\/v2\/types\/post"}],"author":[{"embeddable":true,"href":"https:\/\/www.cip-icu.ca\/fr\/wp-json\/wp\/v2\/users\/12"}],"replies":[{"embeddable":true,"href":"https:\/\/www.cip-icu.ca\/fr\/wp-json\/wp\/v2\/comments?post=22361"}],"version-history":[{"count":1,"href":"https:\/\/www.cip-icu.ca\/fr\/wp-json\/wp\/v2\/posts\/22361\/revisions"}],"predecessor-version":[{"id":22363,"href":"https:\/\/www.cip-icu.ca\/fr\/wp-json\/wp\/v2\/posts\/22361\/revisions\/22363"}],"wp:featuredmedia":[{"embeddable":true,"href":"https:\/\/www.cip-icu.ca\/fr\/wp-json\/wp\/v2\/media\/21776"}],"wp:attachment":[{"href":"https:\/\/www.cip-icu.ca\/fr\/wp-json\/wp\/v2\/media?parent=22361"}],"wp:term":[{"taxonomy":"category","embeddable":true,"href":"https:\/\/www.cip-icu.ca\/fr\/wp-json\/wp\/v2\/categories?post=22361"},{"taxonomy":"post_tag","embeddable":true,"href":"https:\/\/www.cip-icu.ca\/fr\/wp-json\/wp\/v2\/tags?post=22361"}],"curies":[{"name":"wp","href":"https:\/\/api.w.org\/{rel}","templated":true}]}}