{"id":22366,"date":"2023-10-03T15:17:00","date_gmt":"2023-10-03T22:17:00","guid":{"rendered":"https:\/\/www.cip-icu.ca\/non-classifiee\/le-sentier-votre-voyage-a-travers-le-canada-autochtone\/"},"modified":"2023-11-21T08:54:34","modified_gmt":"2023-11-21T16:54:34","slug":"le-sentier-votre-voyage-a-travers-le-canada-autochtone","status":"publish","type":"post","link":"https:\/\/www.cip-icu.ca\/fr\/blog\/le-sentier-votre-voyage-a-travers-le-canada-autochtone\/","title":{"rendered":"Le parcours : Votre voyage au sein du Canada autochtone"},"content":{"rendered":"\n<p class=\"lede\">L&#8217;Institut canadien des urbanistes (ICU) est heureux d\u2019offrir une formation \u00e0 la sensibilisation culturelle autochtone avec son cours en ligne intitul\u00e9 \u00ab Le Parcours : votre voyage au sein du Canada autochtone \u00bb, cr\u00e9\u00e9 par<a href=\"https:\/\/nvisiongroup.ca\/\"> NVision, une entreprise<\/a> de consultation d\u00e9tenue en grande majorit\u00e9 par des Autochtones se sp\u00e9cialisant dans l\u2019autonomisation des communaut\u00e9s autochtones.<\/p>\n\n<p>Le parcours est un formation acclam\u00e9e se d\u00e9clinant en six modules traitant de l&#8217;histoire et de la r\u00e9alit\u00e9 contemporaine des Premi\u00e8res Nations, des Inuits et des M\u00e9tis d&#8217;un oc\u00e9an \u00e0 l&#8217;autre. Il a r\u00e9cemment \u00e9t\u00e9 mis \u00e0 jour dans un format plus interactif et avec de nouvelles informations sur la reconnaissance des terres, les tombes anonymes, les r\u00e9alit\u00e9s autochtones en milieu urbain et la l<a href=\"https:\/\/www.justice.gc.ca\/eng\/declaration\/about-apropos.html#:~:text=This%20Act%20creates%20a%20lasting,communities%2C%20industry%20and%20all%20Canadians.\"><em>oi sur la D\u00e9claration des Nations Unies sur les droits des peuples autochtones du Canada<\/em><\/a>. Cette version de \u00ab Le parcours \u00bb inclura \u00e9galement une section sur le parcours de r\u00e9conciliation de l\u2019ICU et sur le travail que nous avons amorc\u00e9 pour inclure les efforts de r\u00e9conciliation au c\u0153ur de la profession d\u2019urbaniste.<\/p>\n\n<p>Les modules traitent les sujets suivants :<\/p>\n\n<ul class=\"wp-block-list\">\n<li>\u00ab <strong><em>Appellations injurieuses<\/em><\/strong> \u00bb pr\u00e9sente aux participants les Premi\u00e8res Nations, les Inuits et les M\u00e9tis du Canada aux participants et d\u00e9mystifie bon nombre des st\u00e9r\u00e9otypes qui fa\u00e7onnent la perception que nous en avons.<\/li>\n\n\n\n<li><strong><em>\u00ab Territoire, peuple et histoires \u00bb <\/em><\/strong>examine les racines historiques et culturelles des soci\u00e9t\u00e9s des Premi\u00e8res Nations et des Inuits qui sont \u00e9tablies ici depuis des milliers d&#8217;ann\u00e9es, ainsi que l&#8217;\u00e9mergence des M\u00e9tis en tant que peuple distinct.<\/li>\n\n\n\n<li><strong><em>\u00ab Histoire coloniale du Canada \u00bb <\/em><\/strong>retrace le chemin entrem\u00eal\u00e9 de l&#8217;histoires des Autochtones et de la Couronne, depuis les tout premier contact contact en passant par les trait\u00e9s historiques, jusqu&#8217;aux \u00e9v\u00e9nements qui fa\u00e7onnent leur relation actuelle qui est en rapide \u00e9volution.<\/li>\n\n\n\n<li>\u00ab<strong><em>R\u00e9alit\u00e9s contemporaines<\/em><\/strong>\u00bb explique comment les \u00e9v\u00e9nements du pass\u00e9 ont fa\u00e7onn\u00e9 la vie et la r\u00e9alit\u00e9 autochtones contemporaines et comment ils continuent de mettre au d\u00e9fi les communaut\u00e9s autochtones modernes. <\/li>\n\n\n\n<li>\u00ab<strong><em>Construction des relations \u00bb<\/em><\/strong>explore les fa\u00e7ons dont la soci\u00e9t\u00e9 autochtone reste profond\u00e9ment enracin\u00e9e dans des valeurs et des traditions culturelles riches et diverses, et comment la compr\u00e9hension de celles-ici peut \u00e9tablir une communication et des relations individuelles et intersoci\u00e9tales positives.<\/li>\n\n\n\n<li>\u00ab<strong><em>Vers la v\u00e9rit\u00e9 et la r\u00e9conciliation<\/em><\/strong>\u00bb, le dernier module examine et c\u00e9l\u00e8bre les \u00e9tapes marquantes du progr\u00e8s juridiques et social des deux au cours des deux derni\u00e8res d\u00e9cennies, tout en regardant vers l&#8217;avenir le travail qui reste \u00e0 accomplir. <\/li>\n<\/ul>\n\n<p>En proposant Le parcours, l&#8217;ICU s&#8217;efforce de soutenir<a href=\"https:\/\/www2.gov.bc.ca\/assets\/gov\/british-columbians-our-governments\/indigenous-people\/aboriginal-peoples-documents\/calls_to_action_english2.pdf\"> les 94 appels \u00e0 l&#8217;action de la Commission de v\u00e9rit\u00e9 et r\u00e9conciliation du Canada (CVR)<\/a>L&#8217;appel n\u00b0 57 pour fournir une formation et une \u00e9ducation bas\u00e9es sur les comp\u00e9tences \u00e0 ceux travaillant \u00e0 tous les niveaux de gouvernement, et l&#8217;appel n\u00b0 92 pour que ceux travaillant en pratique priv\u00e9e et dans le secteur des entreprises, adoptent<a href=\"https:\/\/social.desa.un.org\/issues\/indigenous-peoples\/united-nations-declaration-on-the-rights-of-indigenous-peoples\"> <em>la D\u00e9claration des Nations Unies sur les droits des peuples autochtones<\/em><\/a> comme cadre de r\u00e9conciliation et pour qu\u2019ils appliquent ses principes \u00e0 la politique et aux activit\u00e9s op\u00e9rationnelles de l&#8217;entreprise. L&#8217;ICU soutient \u00e9galement les appels \u00e0 l&#8217;action plus larges de la CVR sur l&#8217;\u00e9ducation pour la r\u00e9conciliation, dans le but d\u2019obtenir une \u00e9ducation plus solide pour les citoyens de partout au Canada.<\/p>\n\n<p><strong>Ce cours est admissible \u00e0 six cr\u00e9dits non structur\u00e9s et autod\u00e9clar\u00e9s de formation professionnelle continue (FPC).<\/strong> En plus des cr\u00e9dits FPC, vous recevrez \u00e9galement une attestation de r\u00e9ussite de la plateforme en ligne et un badge num\u00e9rique de l\u2019ICU. Ce badge v\u00e9rifie les comp\u00e9tences que vous avez acquises en suivant ce cours et il peut \u00eatre facilement ajout\u00e9 \u00e0 votre profil LinkedIn, \u00e0 votre signature \u00e9lectronique, \u00e0 votre site Web, et bien plus encore ! <\/p>\n\n<figure class=\"wp-block-image size-full\"><a href=\"https:\/\/members.cip-icu.ca\/mpower\/event\/landing.action?id=26\" target=\"_blank\" rel=\"noreferrer noopener\"><img loading=\"lazy\" decoding=\"async\" width=\"215\" height=\"60\" src=\"https:\/\/www.cip-icu.ca\/wp-content\/uploads\/2023\/11\/image-9.png\" alt=\"\" class=\"wp-image-19765\" title=\"Registre-Orange-FR.png\"\/><\/a><\/figure>\n","protected":false},"excerpt":{"rendered":"<p>L&#8217;Institut canadien des urbanistes (ICU) est heureux d\u2019offrir une formation \u00e0 la sensibilisation culturelle autochtone avec son cours en ligne intitul\u00e9 \u00ab Le Parcours :&hellip;<\/p>\n","protected":false},"author":12,"featured_media":22787,"comment_status":"closed","ping_status":"closed","sticky":false,"template":"","format":"standard","meta":{"_acf_changed":false,"footnotes":""},"categories":[92],"tags":[102],"class_list":["post-22366","post","type-post","status-publish","format-standard","has-post-thumbnail","hentry","category-blog","tag-reconciliation-fr"],"acf":[],"_links":{"self":[{"href":"https:\/\/www.cip-icu.ca\/fr\/wp-json\/wp\/v2\/posts\/22366","targetHints":{"allow":["GET"]}}],"collection":[{"href":"https:\/\/www.cip-icu.ca\/fr\/wp-json\/wp\/v2\/posts"}],"about":[{"href":"https:\/\/www.cip-icu.ca\/fr\/wp-json\/wp\/v2\/types\/post"}],"author":[{"embeddable":true,"href":"https:\/\/www.cip-icu.ca\/fr\/wp-json\/wp\/v2\/users\/12"}],"replies":[{"embeddable":true,"href":"https:\/\/www.cip-icu.ca\/fr\/wp-json\/wp\/v2\/comments?post=22366"}],"version-history":[{"count":3,"href":"https:\/\/www.cip-icu.ca\/fr\/wp-json\/wp\/v2\/posts\/22366\/revisions"}],"predecessor-version":[{"id":22706,"href":"https:\/\/www.cip-icu.ca\/fr\/wp-json\/wp\/v2\/posts\/22366\/revisions\/22706"}],"wp:featuredmedia":[{"embeddable":true,"href":"https:\/\/www.cip-icu.ca\/fr\/wp-json\/wp\/v2\/media\/22787"}],"wp:attachment":[{"href":"https:\/\/www.cip-icu.ca\/fr\/wp-json\/wp\/v2\/media?parent=22366"}],"wp:term":[{"taxonomy":"category","embeddable":true,"href":"https:\/\/www.cip-icu.ca\/fr\/wp-json\/wp\/v2\/categories?post=22366"},{"taxonomy":"post_tag","embeddable":true,"href":"https:\/\/www.cip-icu.ca\/fr\/wp-json\/wp\/v2\/tags?post=22366"}],"curies":[{"name":"wp","href":"https:\/\/api.w.org\/{rel}","templated":true}]}}