{"id":22374,"date":"2022-09-28T16:20:00","date_gmt":"2022-09-28T23:20:00","guid":{"rendered":"https:\/\/www.cip-icu.ca\/non-classifiee\/webinaire-gratuit-planifier-lequite-avec-des-donnees-24-octobre\/"},"modified":"2023-11-20T16:01:38","modified_gmt":"2023-11-21T00:01:38","slug":"webinaire-gratuit-planifier-lequite-avec-des-donnees-24-octobre","status":"publish","type":"post","link":"https:\/\/www.cip-icu.ca\/fr\/blog\/webinaire-gratuit-planifier-lequite-avec-des-donnees-24-octobre\/","title":{"rendered":"Webinaire gratuit : Planifier l&#8217;\u00e9quit\u00e9 avec des donn\u00e9es &#8211; 24 octobre"},"content":{"rendered":"\n<p class=\"lede\">Les populations vuln\u00e9rables sont souvent concentr\u00e9es dans des quartiers o\u00f9 l&#8217;environnement est moins favorable. Cela pourrait se traduire par une diminution des espaces verts, des temp\u00e9ratures de surface plus \u00e9lev\u00e9es, des concentrations accrues de pollution atmosph\u00e9rique et sonore et une diminution des possibilit\u00e9s de se d\u00e9placer \u00e0 pied. Les urbanistes peuvent jouer un r\u00f4le crucial en aidant les villes \u00e0 r\u00e9duire ces conditions in\u00e9quitables en concevant des interventions cibl\u00e9es dans les zones o\u00f9 la proportion de populations vuln\u00e9rables expos\u00e9es \u00e0 des conditions environnementales moins favorables est plus \u00e9lev\u00e9e. Toutefois, l&#8217;identification de ces points n\u00e9vralgiques peut s&#8217;av\u00e9rer difficile car les planificateurs, les d\u00e9cideurs et les professionnels de la sant\u00e9 publique n&#8217;ont pas encore acc\u00e8s \u00e0 des donn\u00e9es normalis\u00e9es au niveau national et pertinentes au niveau local, qui permettraient d&#8217;orienter les ressources vers les personnes les plus expos\u00e9es aux effets n\u00e9fastes de l&#8217;exposition environnementale sur la sant\u00e9.<\/p>\n\n<p>Ce webinaire pr\u00e9sentera HealthyPlan.City, un outil pancanadien nouveau et innovant qui facilite la visualisation et l&#8217;analyse des donn\u00e9es environnementales et socio-\u00e9conomiques \u00e0 l&#8217;appui de la planification. Une premi\u00e8re version de cet outil accessible au public a \u00e9t\u00e9 publi\u00e9e en juillet. Cette premi\u00e8re version de l&#8217;outil combine les donn\u00e9es relatives \u00e0 la temp\u00e9rature \u00e0 la surface du sol et au couvert v\u00e9g\u00e9tal avec des donn\u00e9es sociod\u00e9mographiques pour montrer les zones de &#8220;priorit\u00e9 d&#8217;\u00e9quit\u00e9&#8221; o\u00f9 co\u00efncident des proportions plus \u00e9lev\u00e9es de populations vuln\u00e9rables (personnes \u00e2g\u00e9es, enfants, personnes \u00e0 faible revenu, personnes appartenant \u00e0 une minorit\u00e9 visible et personnes vivant seules) et des temp\u00e9ratures plus \u00e9lev\u00e9es. En juillet, une s\u00e9rie de reportages de CBC News\/Radio-Canada a utilis\u00e9 l&#8217;outil pour mettre en \u00e9vidence les zones qui pourraient \u00eatre prioritaires en raison de leur risque accru de chaleur extr\u00eame et de leur capacit\u00e9 limit\u00e9e \u00e0 r\u00e9agir \u00e0 ces temp\u00e9ratures. Les futures versions de l&#8217;outil \u00e9volueront en fonction des r\u00e9actions des urbanistes, des professionnels de la sant\u00e9 publique, des d\u00e9cideurs politiques, des chercheurs et du grand public. L&#8217;identification de la co\u00efncidence entre les populations vuln\u00e9rables et les expositions environnementales peut aider les urbanistes \u00e0 prioriser les ressources pour pr\u00e9venir les effets n\u00e9fastes sur la sant\u00e9.<\/p>\n\n<p><a href=\"https:\/\/members.cip-icu.ca\/mpower\/event\/landing.action?id=4\">S&#8217;INSCRIRE AUJOURD&#8217;HUI<\/a><\/p>\n","protected":false},"excerpt":{"rendered":"<p>Les populations vuln\u00e9rables sont souvent concentr\u00e9es dans des quartiers o\u00f9 l&#8217;environnement est moins favorable. Cela pourrait se traduire par une diminution des espaces verts, des&hellip;<\/p>\n","protected":false},"author":12,"featured_media":21791,"comment_status":"closed","ping_status":"closed","sticky":false,"template":"","format":"standard","meta":{"_acf_changed":false,"footnotes":""},"categories":[92],"tags":[105,108,106],"class_list":["post-22374","post","type-post","status-publish","format-standard","has-post-thumbnail","hentry","category-blog","tag-changement-climatique","tag-collectivites-saines","tag-edia-fr"],"acf":[],"_links":{"self":[{"href":"https:\/\/www.cip-icu.ca\/fr\/wp-json\/wp\/v2\/posts\/22374","targetHints":{"allow":["GET"]}}],"collection":[{"href":"https:\/\/www.cip-icu.ca\/fr\/wp-json\/wp\/v2\/posts"}],"about":[{"href":"https:\/\/www.cip-icu.ca\/fr\/wp-json\/wp\/v2\/types\/post"}],"author":[{"embeddable":true,"href":"https:\/\/www.cip-icu.ca\/fr\/wp-json\/wp\/v2\/users\/12"}],"replies":[{"embeddable":true,"href":"https:\/\/www.cip-icu.ca\/fr\/wp-json\/wp\/v2\/comments?post=22374"}],"version-history":[{"count":1,"href":"https:\/\/www.cip-icu.ca\/fr\/wp-json\/wp\/v2\/posts\/22374\/revisions"}],"predecessor-version":[{"id":22377,"href":"https:\/\/www.cip-icu.ca\/fr\/wp-json\/wp\/v2\/posts\/22374\/revisions\/22377"}],"wp:featuredmedia":[{"embeddable":true,"href":"https:\/\/www.cip-icu.ca\/fr\/wp-json\/wp\/v2\/media\/21791"}],"wp:attachment":[{"href":"https:\/\/www.cip-icu.ca\/fr\/wp-json\/wp\/v2\/media?parent=22374"}],"wp:term":[{"taxonomy":"category","embeddable":true,"href":"https:\/\/www.cip-icu.ca\/fr\/wp-json\/wp\/v2\/categories?post=22374"},{"taxonomy":"post_tag","embeddable":true,"href":"https:\/\/www.cip-icu.ca\/fr\/wp-json\/wp\/v2\/tags?post=22374"}],"curies":[{"name":"wp","href":"https:\/\/api.w.org\/{rel}","templated":true}]}}