{"id":22375,"date":"2022-05-10T16:34:00","date_gmt":"2022-05-10T23:34:00","guid":{"rendered":"https:\/\/www.cip-icu.ca\/non-classifiee\/2022-recipiendaire-du-prix-plan-canada-cecille-de-laurentis\/"},"modified":"2023-11-20T16:01:35","modified_gmt":"2023-11-21T00:01:35","slug":"2022-recipiendaire-du-prix-plan-canada-cecille-de-laurentis","status":"publish","type":"post","link":"https:\/\/www.cip-icu.ca\/fr\/blog\/2022-recipiendaire-du-prix-plan-canada-cecille-de-laurentis\/","title":{"rendered":"2022 R\u00e9cipiendaire du prix Plan Canada : Cecille de Laurentis"},"content":{"rendered":"\n<p class=\"lede\">F\u00e9licitations \u00e0 Cecille de Laurentis pour son article prim\u00e9 de cette ann\u00e9e intitul\u00e9 &#8220;<a href=\"https:\/\/www.cip-icu.ca\/getattachment\/CIP-News\/Latest-News\/May-2022\/2022-Plan-Canada-Award-Recipient-Cecille-de-Lauren\/2022-Plan-Canada-WINNER.pdf.aspx\">Urban planning education after Black Lives Matter<\/a>&#8220;.<br\/><br\/>De Laurentis demande que l&#8217;enseignement de la planification professionnelle renoue avec l&#8217;apprentissage par l&#8217;exp\u00e9rience et pr\u00e9sente plusieurs programmes existants comme des \u00e9tudes de cas. L&#8217;article nous rappelle que la pratique de la planification doit se fonder sur une compr\u00e9hension de nos communaut\u00e9s locales, qu&#8217;elle doit \u00eatre constamment remise en question pour \u00eatre adapt\u00e9e \u00e0 l&#8217;\u00e9poque, et qu&#8217;elle vise en fin de compte \u00e0 donner du pouvoir aux gens. Le jury a not\u00e9 la viabilit\u00e9 et l&#8217;efficacit\u00e9 de la recommandation de Mme de Laurentis, selon laquelle l&#8217;apprentissage par l&#8217;exp\u00e9rience a, comme elle l&#8217;a dit, un potentiel de transformation, faisant du travail en faveur de la justice raciale un avenir possible, \u00e0 port\u00e9e de main.<br\/><br\/><strong>Les mentions honorables du prix Plan Canada 2022 sont les suivantes<\/strong><\/p>\n\n<ul class=\"wp-block-list\">\n<li>&#8220;<a href=\"https:\/\/www.cip-icu.ca\/getattachment\/CIP-News\/Latest-News\/May-2022\/2022-Plan-Canada-Award-Recipient-Cecille-de-Lauren\/2022-Plan-Canada-HM1.pdf.aspx\">Que peuvent faire les planificateurs pour aider les personnes \u00e2g\u00e9es \u00e0 vieillir sur place ?<\/a>par Arlene Etchen<\/li>\n\n\n\n<li>&#8220;<a href=\"https:\/\/www.cip-icu.ca\/getattachment\/CIP-News\/Latest-News\/May-2022\/2022-Plan-Canada-Award-Recipient-Cecille-de-Lauren\/2022-Plan-Canada-HM2.pdf.aspx\">La r\u00e9conciliation par la cr\u00e9ation de lieux<\/a>&#8221; par Perry Stein, Jillian Bracken et Andrew Malcolm RPP, MCIP<\/li>\n\n\n\n<li>&#8220;Le<a href=\"https:\/\/www.cip-icu.ca\/getattachment\/CIP-News\/Latest-News\/May-2022\/2022-Plan-Canada-Award-Recipient-Cecille-de-Lauren\/2022-Plan-Canada-HM3.pdf.aspx\">planificateur en tant que rassembleur<\/a>&#8221; par Marina Jozipovic, Brenda Madrazo et Matt Thomson<\/li>\n<\/ul>\n","protected":false},"excerpt":{"rendered":"<p>F\u00e9licitations \u00e0 Cecille de Laurentis pour son article prim\u00e9 de cette ann\u00e9e intitul\u00e9 &#8220;Urban planning education after Black Lives Matter&#8221;.De Laurentis demande que l&#8217;enseignement de&hellip;<\/p>\n","protected":false},"author":12,"featured_media":21804,"comment_status":"closed","ping_status":"closed","sticky":false,"template":"","format":"standard","meta":{"_acf_changed":false,"footnotes":""},"categories":[92],"tags":[100],"class_list":["post-22375","post","type-post","status-publish","format-standard","has-post-thumbnail","hentry","category-blog","tag-honneurs-prix"],"acf":[],"_links":{"self":[{"href":"https:\/\/www.cip-icu.ca\/fr\/wp-json\/wp\/v2\/posts\/22375","targetHints":{"allow":["GET"]}}],"collection":[{"href":"https:\/\/www.cip-icu.ca\/fr\/wp-json\/wp\/v2\/posts"}],"about":[{"href":"https:\/\/www.cip-icu.ca\/fr\/wp-json\/wp\/v2\/types\/post"}],"author":[{"embeddable":true,"href":"https:\/\/www.cip-icu.ca\/fr\/wp-json\/wp\/v2\/users\/12"}],"replies":[{"embeddable":true,"href":"https:\/\/www.cip-icu.ca\/fr\/wp-json\/wp\/v2\/comments?post=22375"}],"version-history":[{"count":1,"href":"https:\/\/www.cip-icu.ca\/fr\/wp-json\/wp\/v2\/posts\/22375\/revisions"}],"predecessor-version":[{"id":22378,"href":"https:\/\/www.cip-icu.ca\/fr\/wp-json\/wp\/v2\/posts\/22375\/revisions\/22378"}],"wp:featuredmedia":[{"embeddable":true,"href":"https:\/\/www.cip-icu.ca\/fr\/wp-json\/wp\/v2\/media\/21804"}],"wp:attachment":[{"href":"https:\/\/www.cip-icu.ca\/fr\/wp-json\/wp\/v2\/media?parent=22375"}],"wp:term":[{"taxonomy":"category","embeddable":true,"href":"https:\/\/www.cip-icu.ca\/fr\/wp-json\/wp\/v2\/categories?post=22375"},{"taxonomy":"post_tag","embeddable":true,"href":"https:\/\/www.cip-icu.ca\/fr\/wp-json\/wp\/v2\/tags?post=22375"}],"curies":[{"name":"wp","href":"https:\/\/api.w.org\/{rel}","templated":true}]}}