{"id":22376,"date":"2022-03-08T16:41:00","date_gmt":"2022-03-09T00:41:00","guid":{"rendered":"https:\/\/www.cip-icu.ca\/non-classifiee\/elevation-2-0-linscription-anticipee-est-maintenant-ouverte\/"},"modified":"2023-11-20T16:01:37","modified_gmt":"2023-11-21T00:01:37","slug":"elevation-2-0-linscription-anticipee-est-maintenant-ouverte","status":"publish","type":"post","link":"https:\/\/www.cip-icu.ca\/fr\/blog\/elevation-2-0-linscription-anticipee-est-maintenant-ouverte\/","title":{"rendered":"\u00c9l\u00e9vation 2.0 : L&#8217;inscription anticip\u00e9e est maintenant ouverte !"},"content":{"rendered":"\n<p class=\"lede\">Nous avons le plaisir d&#8217;annoncer que les inscriptions sont d\u00e9sormais ouvertes pour <a href=\"https:\/\/www.cip-icu.ca\/\/elevation2022.ca\">Elevation 2.0<\/a>. Du 5 au 8 juillet, 2022 Elevation 2.0 proposera une option en personne et une option en ligne.<br\/><br\/>\u00c9conomisez 50 $ sur votre inscription en personne si vous vous inscrivez avant le 1er mai.<br\/><br\/>Que vous choisissiez de participer en personne ou en ligne, le programme Elevation 2.0 vous permettra de r\u00e9pondre \u00e0 toutes vos exigences annuelles en mati\u00e8re de formation professionnelle continue (CPL).<\/p>\n\n<h4 class=\"wp-block-heading\"><br\/>Assister en personne<\/h4>\n\n<p>Rejoignez-nous dans la magnifique ville de montagne de Whistler pour Elevation 2.0, o\u00f9 les planificateurs et les b\u00e2tisseurs de communaut\u00e9s de tout le pays se r\u00e9uniront une fois de plus pour partager des id\u00e9es, poser des questions et apprendre de diverses perspectives. La conf\u00e9rence de cette ann\u00e9e est l&#8217;occasion de stimuler les conversations et les collaborations sur des questions de planification essentielles qui ont \u00e9t\u00e9 entrav\u00e9es par la n\u00e9cessit\u00e9 de formats virtuels au cours des deux derni\u00e8res ann\u00e9es. Notre programme en personne comprendra des ateliers et des visites d&#8217;apprentissage, en plus des sessions et des discours d&#8217;ouverture. Nous nous engageons \u00e0 fournir un espace s\u00fbr et nous disposerons de protocoles COVID-19 bas\u00e9s sur les lignes directrices actuelles en mati\u00e8re de sant\u00e9 publique.<\/p>\n\n<h4 class=\"wp-block-heading\"><br\/>Assister en ligne<\/h4>\n\n<p>Notre option en ligne vous permettra d&#8217;acc\u00e9der \u00e0 des flux en direct des pr\u00e9sentations principales et d&#8217;une s\u00e9lection de sessions directement depuis Whistler. Consultez notre page de programme en ligne pour savoir quelles sessions seront disponibles en ligne.<br\/><\/p>\n\n<h4 class=\"wp-block-heading\">Pr\u00e9parer son voyage<\/h4>\n\n<p><strong>H\u00e9bergement :  <\/strong><\/p>\n\n<p><strong>R\u00e9servez votre h\u00f4tel d\u00e8s maintenant &#8211; Les chambres sont presque toutes disponibles !<\/strong><\/p>\n\n<p>Notre bloc de chambres au Fairmont Whistler est complet. Il reste un nombre tr\u00e8s limit\u00e9 de chambres Gold au Fairmont pour les dates de pointe. Pour en savoir plus, <a href=\"https:\/\/book.passkey.com\/event\/50183226\/owner\/3631\/home\" rel=\"noreferrer noopener\" target=\"_blank\">cliquez ici<\/a>.<br\/><br\/>Nous avons \u00e9galement obtenu des tarifs r\u00e9duits pour les d\u00e9l\u00e9gu\u00e9s d&#8217;Elevation 2.0 dans les h\u00f4tels suivants. R\u00e9servez d\u00e8s maintenant avant qu&#8217;il n&#8217;y ait plus de places disponibles !<br\/><\/p>\n\n<p>R\u00e9servez une chambre \u00e0 l&#8217;h\u00f4tel <a href=\"https:\/\/www.panpacific.com\/en\/countries\/canada\/whistler.html?gclid=CjwKCAjw9qiTBhBbEiwAp-GE0VzMBNEfHpvRgOmnvDUtUJtFq5DsqeTOG2uQqZCdDRcS5npbDn6HARoCxyYQAvD_BwE&amp;gclsrc=aw.ds\">\n  <strong>Pan Pacific Whistler Mountainside Hotel <\/strong>\n<\/a>et b\u00e9n\u00e9ficiez d&#8217;une r\u00e9duction de 15 % lors de la r\u00e9servation.<em>\n  <strong>Les chambres se r\u00e9servent rapidement, alors agissez d\u00e8s maintenant pour profiter de cette offre. <\/strong>\n<\/em> <\/p>\n\n<p>Pour r\u00e9server votre chambre au Pan Pacific Whistler avec le code de r\u00e9duction, chaque invit\u00e9 doit indiquer &#8220;Canadian Institute of Planners&#8221; au moment de la r\u00e9servation.<\/p>\n\n<blockquote class=\"wp-block-quote is-layout-flow wp-block-quote-is-layout-flow\">\n<p>Pan Pacific Whistler reservations contact :<\/p>\n\n\n\n<p>Sans frais : 1 (888) 905-9995<\/p>\n\n\n\n<p>Direct : 1 (604) 905-2999<\/p>\n\n\n\n<p>Courriel : <a href=\"mailto:guestservices@panpacific.com\" rel=\"noreferrer noopener\" target=\"_blank\">guestservices@panpacific.com<\/a><\/p>\n<\/blockquote>\n\n<p>R\u00e9servez une chambre \u00e0 l&#8217;h\u00f4tel <strong>\n  <a href=\"https:\/\/www.aavawhistlerhotel.com\/?gclid=Cj0KCQjw3v6SBhCsARIsACyrRAnFUZwOA-uuBMpXqDE8p8mBOa7FnF2aTwHuUusWyeQLrvu1XX7hviUaAgiREALw_wcB\" rel=\"noreferrer noopener\" target=\"_blank\">Aava Hotel<\/a>\n<\/strong>!<\/p>\n\n<p>Tarifs \u00e0 partir de 209 $* <em>*Cette offre est limit\u00e9e dans le temps jusqu&#8217;au 5 mai 2022 <\/em>.  <\/p>\n\n<p>Le tarif de l&#8217;h\u00f4tel Aava est de 209 dollars par nuit, avec un minimum de 3 nuits.  <\/p>\n\n<p>Pour r\u00e9server votre chambre \u00e0 l&#8217;h\u00f4tel Aava au tarif r\u00e9duit, chaque invit\u00e9 doit indiquer &#8220;Institut canadien des urbanistes&#8221; au moment de la r\u00e9servation.<\/p>\n\n<blockquote class=\"wp-block-quote is-layout-flow wp-block-quote-is-layout-flow\">\n<p>Contact pour les r\u00e9servations de l&#8217;h\u00f4tel Aava :<\/p>\n\n\n\n<p>Sans frais : 1 (800) 663-5644<\/p>\n\n\n\n<p>Direct : 1 (604) 932-2522<\/p>\n\n\n\n<p>Courriel : <a href=\"mailto:reservations@aavawhistlerhotel.com\" rel=\"noreferrer noopener\" target=\"_blank\">reservations@aavawhistlerhotel.com<\/a><\/p>\n<\/blockquote>\n\n<p><strong>Voyages en avion :<\/strong> Notre <a href=\"https:\/\/web.cvent.com\/event\/24eb3bfc-9361-4836-b131-6675a7edc33c\/websitePage:7088c94d-8521-4a0d-bc4a-e17cec92a6a1\">page Voyages et h\u00e9bergement<\/a> propose des codes de r\u00e9duction pour les voyages a\u00e9riens avec Air Canada et West Jet.<br\/><br\/><strong>Navettes pour l&#8217;a\u00e9roport :<\/strong> Whistler se trouve \u00e0 deux heures de route de l&#8217;a\u00e9roport de Vancouver. N&#8217;oubliez donc pas de r\u00e9server un moyen de transport pour votre arriv\u00e9e. Vous pouvez obtenir des informations sur les navettes <a href=\"https:\/\/www.whistler.com\/delegates\/cip-icu\/\">ici<\/a>.<br\/><br\/><strong>Tourisme :<\/strong> Tourism Whistler a mis en place un <a href=\"https:\/\/www.whistler.com\/delegates\/cip-icu\/\">site sp\u00e9cial pour les d\u00e9l\u00e9gu\u00e9s de la conf\u00e9rence<\/a>, avec une vari\u00e9t\u00e9 d&#8217;options touristiques et de restauration \u00e0 Whistler, ainsi que des informations sur les transports.<br\/><br\/>Vous souhaitez plus de d\u00e9tails ? D\u00e9couvrez tout ce que vous devez savoir sur Elevation 2.0 sur le <a href=\"https:\/\/www.cip-icu.ca\/\/elevation2022.ca\">site web de la conf\u00e9rence<\/a>.<\/p>\n","protected":false},"excerpt":{"rendered":"<p>Nous avons le plaisir d&#8217;annoncer que les inscriptions sont d\u00e9sormais ouvertes pour Elevation 2.0. Du 5 au 8 juillet, 2022 Elevation 2.0 proposera une option&hellip;<\/p>\n","protected":false},"author":12,"featured_media":21809,"comment_status":"closed","ping_status":"closed","sticky":false,"template":"","format":"standard","meta":{"_acf_changed":false,"footnotes":""},"categories":[92],"tags":[110,104],"class_list":["post-22376","post","type-post","status-publish","format-standard","has-post-thumbnail","hentry","category-blog","tag-conference-fr","tag-soutien-carriere"],"acf":[],"_links":{"self":[{"href":"https:\/\/www.cip-icu.ca\/fr\/wp-json\/wp\/v2\/posts\/22376","targetHints":{"allow":["GET"]}}],"collection":[{"href":"https:\/\/www.cip-icu.ca\/fr\/wp-json\/wp\/v2\/posts"}],"about":[{"href":"https:\/\/www.cip-icu.ca\/fr\/wp-json\/wp\/v2\/types\/post"}],"author":[{"embeddable":true,"href":"https:\/\/www.cip-icu.ca\/fr\/wp-json\/wp\/v2\/users\/12"}],"replies":[{"embeddable":true,"href":"https:\/\/www.cip-icu.ca\/fr\/wp-json\/wp\/v2\/comments?post=22376"}],"version-history":[{"count":1,"href":"https:\/\/www.cip-icu.ca\/fr\/wp-json\/wp\/v2\/posts\/22376\/revisions"}],"predecessor-version":[{"id":22383,"href":"https:\/\/www.cip-icu.ca\/fr\/wp-json\/wp\/v2\/posts\/22376\/revisions\/22383"}],"wp:featuredmedia":[{"embeddable":true,"href":"https:\/\/www.cip-icu.ca\/fr\/wp-json\/wp\/v2\/media\/21809"}],"wp:attachment":[{"href":"https:\/\/www.cip-icu.ca\/fr\/wp-json\/wp\/v2\/media?parent=22376"}],"wp:term":[{"taxonomy":"category","embeddable":true,"href":"https:\/\/www.cip-icu.ca\/fr\/wp-json\/wp\/v2\/categories?post=22376"},{"taxonomy":"post_tag","embeddable":true,"href":"https:\/\/www.cip-icu.ca\/fr\/wp-json\/wp\/v2\/tags?post=22376"}],"curies":[{"name":"wp","href":"https:\/\/api.w.org\/{rel}","templated":true}]}}