{"id":22384,"date":"2022-04-14T16:37:00","date_gmt":"2022-04-14T23:37:00","guid":{"rendered":"https:\/\/www.cip-icu.ca\/non-classifiee\/ecouter-apprendre-sadapter-innover-celebrer-semaine-nationale-du-benevolat-2022\/"},"modified":"2023-11-20T16:01:35","modified_gmt":"2023-11-21T00:01:35","slug":"ecouter-apprendre-sadapter-innover-celebrer-semaine-nationale-du-benevolat-2022","status":"publish","type":"post","link":"https:\/\/www.cip-icu.ca\/fr\/blog\/ecouter-apprendre-sadapter-innover-celebrer-semaine-nationale-du-benevolat-2022\/","title":{"rendered":"\u00c9couter, apprendre, s&#8217;adapter, innover, c\u00e9l\u00e9brer : Semaine nationale du b\u00e9n\u00e9volat 2022"},"content":{"rendered":"\n<p class=\"lede\">Le th\u00e8me de la Semaine nationale du b\u00e9n\u00e9volat de cette ann\u00e9e, &#8221; <em>Le b\u00e9n\u00e9volat, c&#8217;est l&#8217;empathie en action<\/em>&#8220;, souligne que le b\u00e9n\u00e9volat, qui repose sur un lien profond\u00e9ment humain, est au c\u0153ur d&#8217;individus plus sains et de communaut\u00e9s plus fortes. Dans l&#8217;ensemble de notre organisation, les planificateurs se portent volontaires pour rendre nos programmes possibles ; ils contribuent \u00e0 cr\u00e9er des r\u00e9seaux solides et collaboratifs de professionnels qui partagent l&#8217;objectif de cr\u00e9er de meilleures communaut\u00e9s pour tous les Canadiens.<br\/><br\/>Au cours de la Semaine nationale du b\u00e9n\u00e9volat 2022, nous c\u00e9l\u00e9brons les contributions des b\u00e9n\u00e9voles du CIP et exprimons notre reconnaissance aux personnes qui donnent de leur temps, s&#8217;engagent et participent \u00e0 la vie de la communaut\u00e9.<br\/><br\/>Cette c\u00e9l\u00e9bration annuelle est l&#8217;occasion de reconna\u00eetre et de remercier nos b\u00e9n\u00e9voles d&#8217;un bout \u00e0 l&#8217;autre du pays. Au cours de la semaine \u00e0 venir, nous mettrons en lumi\u00e8re certaines des personnes qui rendent nos programmes possibles.<br\/><br\/>Ne manquez pas de suivre l&#8217;actualit\u00e9 sur les m\u00e9dias sociaux et de vous joindre \u00e0 nous pour c\u00e9l\u00e9brer toutes les personnes qui rendent notre travail possible.<br\/><br\/>Suivez l&#8217;Institut canadien des urbanistes sur les m\u00e9dias sociaux :<br\/><a href=\"https:\/\/www.cip-icu.ca\/\/www.linkedin.com\/company\/canadian-institute-of-planners\" target=\"_blank\" rel=\"noreferrer noopener\">LinkedIn<\/a> \u2502 <a href=\"https:\/\/www.cip-icu.ca\/\/www.twitter.com\/CIP_ICU\" target=\"_blank\" rel=\"noreferrer noopener\">Twitter<\/a> \u2502 <a href=\"https:\/\/www.facebook.com\/cdnplanners\/\" target=\"_blank\" rel=\"noreferrer noopener\">Facebook<\/a> \u2502 <a href=\"https:\/\/www.instagram.com\/cdnplanners\/\" target=\"_blank\" rel=\"noreferrer noopener\">Instagram<\/a><\/p>\n","protected":false},"excerpt":{"rendered":"<p>Le th\u00e8me de la Semaine nationale du b\u00e9n\u00e9volat de cette ann\u00e9e, &#8221; Le b\u00e9n\u00e9volat, c&#8217;est l&#8217;empathie en action&#8221;, souligne que le b\u00e9n\u00e9volat, qui repose sur&hellip;<\/p>\n","protected":false},"author":12,"featured_media":21806,"comment_status":"closed","ping_status":"closed","sticky":false,"template":"","format":"standard","meta":{"_acf_changed":false,"footnotes":""},"categories":[92],"tags":[103,104],"class_list":["post-22384","post","type-post","status-publish","format-standard","has-post-thumbnail","hentry","category-blog","tag-adhesion","tag-soutien-carriere"],"acf":[],"_links":{"self":[{"href":"https:\/\/www.cip-icu.ca\/fr\/wp-json\/wp\/v2\/posts\/22384","targetHints":{"allow":["GET"]}}],"collection":[{"href":"https:\/\/www.cip-icu.ca\/fr\/wp-json\/wp\/v2\/posts"}],"about":[{"href":"https:\/\/www.cip-icu.ca\/fr\/wp-json\/wp\/v2\/types\/post"}],"author":[{"embeddable":true,"href":"https:\/\/www.cip-icu.ca\/fr\/wp-json\/wp\/v2\/users\/12"}],"replies":[{"embeddable":true,"href":"https:\/\/www.cip-icu.ca\/fr\/wp-json\/wp\/v2\/comments?post=22384"}],"version-history":[{"count":1,"href":"https:\/\/www.cip-icu.ca\/fr\/wp-json\/wp\/v2\/posts\/22384\/revisions"}],"predecessor-version":[{"id":22387,"href":"https:\/\/www.cip-icu.ca\/fr\/wp-json\/wp\/v2\/posts\/22384\/revisions\/22387"}],"wp:featuredmedia":[{"embeddable":true,"href":"https:\/\/www.cip-icu.ca\/fr\/wp-json\/wp\/v2\/media\/21806"}],"wp:attachment":[{"href":"https:\/\/www.cip-icu.ca\/fr\/wp-json\/wp\/v2\/media?parent=22384"}],"wp:term":[{"taxonomy":"category","embeddable":true,"href":"https:\/\/www.cip-icu.ca\/fr\/wp-json\/wp\/v2\/categories?post=22384"},{"taxonomy":"post_tag","embeddable":true,"href":"https:\/\/www.cip-icu.ca\/fr\/wp-json\/wp\/v2\/tags?post=22384"}],"curies":[{"name":"wp","href":"https:\/\/api.w.org\/{rel}","templated":true}]}}