{"id":22402,"date":"2022-08-11T16:22:00","date_gmt":"2022-08-11T23:22:00","guid":{"rendered":"https:\/\/www.cip-icu.ca\/non-classifiee\/transition-de-la-base-de-donnees-des-services-aux-membres-foire-aux-questions\/"},"modified":"2023-11-20T16:01:39","modified_gmt":"2023-11-21T00:01:39","slug":"transition-de-la-base-de-donnees-des-services-aux-membres-foire-aux-questions","status":"publish","type":"post","link":"https:\/\/www.cip-icu.ca\/fr\/blog\/transition-de-la-base-de-donnees-des-services-aux-membres-foire-aux-questions\/","title":{"rendered":"Transition de la base de donn\u00e9es des services aux membres : Foire aux questions"},"content":{"rendered":"\n<p class=\"lede\">Dans le cadre de notre engagement \u00e0 am\u00e9liorer les services aux membres, nous avons travaill\u00e9 avec les associations et instituts provinciaux et territoriaux (AIPT) pour passer de notre ancienne base de donn\u00e9es \u00e0 une nouvelle base de donn\u00e9es partag\u00e9e.<\/p>\n\n<p>Notre nouvelle base de donn\u00e9es permettra aux membres de b\u00e9n\u00e9ficier d&#8217;une exp\u00e9rience utilisateur nettement am\u00e9lior\u00e9e et affin\u00e9e gr\u00e2ce \u00e0 un service simplifi\u00e9 et unique pour la connexion, la facturation, les renouvellements et bien plus encore ! En outre, les membres de l&#8217;OPPI ont d\u00e9sormais la possibilit\u00e9 de renouveler leur adh\u00e9sion \u00e0 la CIP directement par l&#8217;interm\u00e9diaire de l&#8217;OPPI, en un seul paiement.<br\/><br\/><strong>En cons\u00e9quence, un certain nombre de services aux membres seront temporairement indisponibles.<\/strong><strong><br\/><\/strong><br\/><a href=\"https:\/\/www.cip-icu.ca\/CIP-AMS-Transition#ImportantDates\">DATES IMPORTANTES<\/a> |<a href=\"https:\/\/www.cip-icu.ca\/CIP-AMS-Transition#Questions\"> QUESTIONS SUR LE PROFIL DE L&#8217;ADH\u00c9RENT<\/a> |<a href=\"https:\/\/www.cip-icu.ca\/CIP-AMS-Transition#Services\"> ACC\u00c8S AUX SERVICES DU CIP<br\/><\/a><br\/><\/p>\n\n<h4 class=\"wp-block-heading\"><strong><\/strong><strong>DATES IMPORTANTES<\/strong><\/h4>\n\n<p>Le CIP et les PTIA souhaitent assurer une transition en douceur des donn\u00e9es de vos membres de notre ancienne base de donn\u00e9es vers la nouvelle. C&#8217;est pourquoi ce projet se d\u00e9roule en plusieurs phases.<\/p>\n\n<figure class=\"wp-block-table\"><table class=\"mtr-table mtr-tr-td\"><tbody><tr><td data-mtr-content=\"P\u00e9riode de gel L\u2019acc\u00e8s \u00e0 la base de donn\u00e9es est interrompu. Les donn\u00e9es sont transf\u00e9r\u00e9es de l\u2019ancienne base de donn\u00e9es vers la nouvelle.\" class=\"mtr-td-tag\"><div class=\"mtr-cell-content\"><strong>P\u00e9riode de gel<\/strong> <strong>L\u2019acc\u00e8s \u00e0 la base de donn\u00e9es est interrompu<\/strong>. Les donn\u00e9es sont transf\u00e9r\u00e9es de l\u2019ancienne base de donn\u00e9es vers la nouvelle.<\/div><\/td><td data-mtr-content=\"14 ao\u00fbt 2022\" class=\"mtr-td-tag\"><div class=\"mtr-cell-content\"><strong>14 ao\u00fbt 2022<\/strong><\/div><\/td><\/tr><tr><td data-mtr-content=\"P\u00e9riode de gel L\u2019acc\u00e8s \u00e0 la base de donn\u00e9es est interrompu. Les donn\u00e9es sont transf\u00e9r\u00e9es de l\u2019ancienne base de donn\u00e9es vers la nouvelle.\" class=\"mtr-td-tag\"><div class=\"mtr-cell-content\"><strong>Phase 1<\/strong> <strong>L\u2019acc\u00e8s \u00e0 certaines bases de donn\u00e9es est r\u00e9tabli<\/strong>. Le libre-service pour les membres et d\u2019autres fonctions de la base de donn\u00e9es sont interrompus.<\/div><\/td><td data-mtr-content=\"14 ao\u00fbt 2022\" class=\"mtr-td-tag\"><div class=\"mtr-cell-content\"><strong>26 ao\u00fbt 2022<\/strong><\/div><\/td><\/tr><tr><td data-mtr-content=\"P\u00e9riode de gel L\u2019acc\u00e8s \u00e0 la base de donn\u00e9es est interrompu. Les donn\u00e9es sont transf\u00e9r\u00e9es de l\u2019ancienne base de donn\u00e9es vers la nouvelle.\" class=\"mtr-td-tag\"><div class=\"mtr-cell-content\"><strong>Phase 2<\/strong> <strong>Tous les acc\u00e8s \u00e0 la base de donn\u00e9es sont r\u00e9tablis<\/strong>. Le libre-service des membres et les autres fonctions de la base de donn\u00e9es sont r\u00e9tablis.<\/div><\/td><td data-mtr-content=\"14 ao\u00fbt 2022\" class=\"mtr-td-tag\"><div class=\"mtr-cell-content\"><strong>Fin octobre<\/strong><\/div><\/td><\/tr><\/tbody><\/table><\/figure>\n\n<p><br\/><strong>Pendant la p\u00e9riode de gel<\/strong>, l&#8217;acc\u00e8s \u00e0 la base de donn\u00e9es et \u00e0 ses fonctionnalit\u00e9s sera interrompu. C&#8217;est \u00e0 ce moment-l\u00e0 que les donn\u00e9es relatives aux membres seront extraites de notre ancienne base de donn\u00e9es et transf\u00e9r\u00e9es dans la nouvelle.<br\/><br\/><strong>Au cours de la phase 1<\/strong>, certains acc\u00e8s \u00e0 la base de donn\u00e9es et \u00e0 ses fonctionnalit\u00e9s seront r\u00e9tablis. Vous <strong>pourrez<\/strong> d\u00e9sormais utiliser les services du CIP li\u00e9s \u00e0 la base de donn\u00e9es, y compris la consultation du calendrier des \u00e9v\u00e9nements et l&#8217;inscription aux \u00e9v\u00e9nements et aux webinaires. Le changement le plus important de la phase 1 est que l&#8217;acc\u00e8s en libre-service \u00e0 votre profil de membre et \u00e0 certains services sera encore temporairement indisponible.<br\/><br\/><strong>Au cours de la phase 2<\/strong>, tous les acc\u00e8s \u00e0 la base de donn\u00e9es et \u00e0 ses fonctionnalit\u00e9s seront r\u00e9tablis, y compris l&#8217;acc\u00e8s au portail des membres o\u00f9 vous pouvez mettre \u00e0 jour le CPL, les informations de contact, les pr\u00e9f\u00e9rences de communication, acc\u00e9der aux factures et les payer, et bien d&#8217;autres choses encore.<br\/><br\/><\/p>\n\n<h4 class=\"wp-block-heading\"><strong><\/strong><strong>QUESTIONS<\/strong><\/h4>\n\n<p><strong>Vous \u00eates un nouveau membre et vous souhaitez vous inscrire ?<\/strong><\/p>\n\n<ul class=\"wp-block-list\">\n<li>Vous pouvez acc\u00e9der \u00e0 nos<a href=\"https:\/\/www.cip-icu.ca\/fr\/rejoindre-le-cip\/\"> nouvelles demandes d&#8217;adh\u00e9sion ici<\/a><\/li>\n<\/ul>\n\n<p><br\/><strong>Questions relatives \u00e0 l&#8217;adh\u00e9sion et \u00e0 la candidature<\/strong><strong><br\/><\/strong>  Contactez membership@cip-icu.ca pour obtenir de l&#8217;aide.<br\/><br\/><strong>Questions relatives \u00e0 l&#8217;assurance responsabilit\u00e9 professionnelle et au certificat<\/strong><strong><br\/><\/strong>  Contactez membership@cip-icu.ca pour obtenir de l&#8217;aide.<br\/><br\/><strong>Questions relatives \u00e0 la facture et au paiement<\/strong><strong><br\/><\/strong>  Contactez membership@cip-icu.ca pour obtenir de l&#8217;aide.<br\/><br\/><\/p>\n\n<h4 class=\"wp-block-heading\"><strong><\/strong><strong>ACC\u00c8S AUX SERVICES DU CIP<\/strong><\/h4>\n\n<p>Pendant cette p\u00e9riode de transition, un grand nombre de vos services aux membres seront toujours disponibles, mais la fa\u00e7on dont vous y acc\u00e9dez pourrait avoir chang\u00e9.<\/p>\n\n<p><br\/><strong>R\u00e9pertoire des membres\/registres des membres<\/strong><\/p>\n\n<ul class=\"wp-block-list\">\n<li>L&#8217;annuaire national des membres du CIP ne sera pas disponible pendant la phase 1.<\/li>\n\n\n\n<li>Vous pouvez consulter les registres des membres des associations et instituts provinciaux et territoriaux pour trouver vos pairs dans l&#8217;intervalle.\n<ul class=\"wp-block-list\">\n<li><a href=\"https:\/\/www.albertaplanners.com\/membership\/regulated-professional-planner-member-roster\">Institut des planificateurs professionnels de l&#8217;Alberta<\/a><\/li>\n\n\n\n<li><a href=\"https:\/\/www.cip-icu.ca\/\/www.mppi.mb.ca\/membership-list.asp\">Institut des planificateurs professionnels du Manitoba<\/a><\/li>\n\n\n\n<li><a href=\"https:\/\/ams.ontarioplanners.ca\/memberregister\/\">Institut des planificateurs professionnels de l&#8217;Ontario<\/a><\/li>\n\n\n\n<li><a href=\"https:\/\/www.pibc.bc.ca\/members\/register-of-members\">Planning Institute of British Columbia (Institut de planification de la Colombie-Britannique)<\/a><\/li>\n\n\n\n<li><a href=\"https:\/\/sppi.ca\/membership-directory\/\">Institut des planificateurs professionnels de la Saskatchewan<\/a><\/li>\n\n\n\n<li>Institut des planificateurs de l&#8217;Atlantique\n<ul class=\"wp-block-list\">\n<li><a href=\"https:\/\/atlanticplanners.org\/provincial-associations\/new-brunswick\/nb-registry-of-professional-planners\/\">Association des urbanistes du Nouveau-Brunswick<\/a><\/li>\n\n\n\n<li><a href=\"https:\/\/atlanticplanners.org\/provincial-associations\/nova-scotia\/lppans-registry-of-professional-planners\/\">Licensed Professional Planners Association of Nova Scotia (Association des planificateurs professionnels agr\u00e9\u00e9s de Nouvelle-\u00c9cosse)<\/a><\/li>\n\n\n\n<li><a href=\"https:\/\/atlanticplanners.org\/provincial-associations\/prince-edward-island\/peiipp-members\/\">Institut des planificateurs professionnels de l&#8217;\u00cele-du-Prince-\u00c9douard<br\/><\/a><\/li>\n<\/ul>\n<\/li>\n<\/ul>\n<\/li>\n<\/ul>\n\n<p><strong>Assurance responsabilit\u00e9 professionnelle (PLI)<\/strong><\/p>\n\n<p>Pour les membres candidats et les membres titulaires qui disposent actuellement d&#8217;une assurance responsabilit\u00e9 professionnelle, le certificat d&#8217;assurance ne pourra \u00eatre t\u00e9l\u00e9charg\u00e9 qu&#8217;\u00e0 partir de la phase 2. Si vous avez besoin de ce certificat avant cette date, vous pouvez en demander une copie sur demande.<\/p>\n\n<ul class=\"wp-block-list\">\n<li>Les membres de l&#8217;API, de la MPPI, de la PIBC, de la SPPI et de l&#8217;OUQ sont pri\u00e9s de contacter membership@cip-icu.ca.<\/li>\n\n\n\n<li>Les membres de l&#8217;APPI sont pri\u00e9s de contacter office@albertaplanners.com<\/li>\n\n\n\n<li>Les membres de l&#8217;OPPI sont pri\u00e9s de contacter renewal@ontarioplanners.ca<\/li>\n<\/ul>\n\n<p>         <br\/><strong>Enregistrement des unit\u00e9s CPL<\/strong><\/p>\n\n<ul class=\"wp-block-list\">\n<li>Vous ne disposerez pas d&#8217;un acc\u00e8s en libre-service pour enregistrer vos unit\u00e9s CPL au cours de la phase 1 et devrez attendre la phase 2 pour d\u00e9clarer vos CPL. En attendant, vous pouvez utiliser ce <a href=\"https:\/\/www.cip-icu.ca\/Files\/Media\/CPL-Offline-Report-Form.aspx\">formulaire de d\u00e9claration CPL hors ligne<\/a> pour suivre vos unit\u00e9s CPL.<\/li>\n\n\n\n<li>Pour vous remercier de votre patience, la date limite pour les CPL sera prolong\u00e9e par vos PTIA comme suit :<\/li>\n<\/ul>\n\n<figure class=\"wp-block-table\"><table class=\"mtr-table mtr-tr-td\"><tbody><tr><td data-mtr-content=\"PIBC\" class=\"mtr-td-tag\"><div class=\"mtr-cell-content\">PIBC<\/div><\/td><td data-mtr-content=\"31 d\u00e9cembre 2022\" class=\"mtr-td-tag\"><div class=\"mtr-cell-content\">31 d\u00e9cembre 2022<\/div><\/td><\/tr><tr><td data-mtr-content=\"PIBC\" class=\"mtr-td-tag\"><div class=\"mtr-cell-content\">APPI<\/div><\/td><td data-mtr-content=\"31 d\u00e9cembre 2022\" class=\"mtr-td-tag\"><div class=\"mtr-cell-content\">31 d\u00e9cembre 2022<\/div><\/td><\/tr><tr><td data-mtr-content=\"PIBC\" class=\"mtr-td-tag\"><div class=\"mtr-cell-content\">SPPI<\/div><\/td><td data-mtr-content=\"31 d\u00e9cembre 2022\" class=\"mtr-td-tag\"><div class=\"mtr-cell-content\">31 d\u00e9cembre 2022<\/div><\/td><\/tr><tr><td data-mtr-content=\"PIBC\" class=\"mtr-td-tag\"><div class=\"mtr-cell-content\">MPPI<\/div><\/td><td data-mtr-content=\"31 d\u00e9cembre 2022\" class=\"mtr-td-tag\"><div class=\"mtr-cell-content\">31 janvier 2023<\/div><\/td><\/tr><tr><td data-mtr-content=\"PIBC\" class=\"mtr-td-tag\"><div class=\"mtr-cell-content\">OPPI<\/div><\/td><td data-mtr-content=\"31 d\u00e9cembre 2022\" class=\"mtr-td-tag\"><div class=\"mtr-cell-content\">31 janvier 2023<\/div><\/td><\/tr><tr><td data-mtr-content=\"PIBC\" class=\"mtr-td-tag\"><div class=\"mtr-cell-content\">API<\/div><\/td><td data-mtr-content=\"31 d\u00e9cembre 2022\" class=\"mtr-td-tag\"><div class=\"mtr-cell-content\">31 d\u00e9cembre 2022<\/div><\/td><\/tr><\/tbody><\/table><\/figure>\n\n<ul class=\"wp-block-list\">\n<li>Notez que toutes les entr\u00e9es CPL saisies avant le 14 ao\u00fbt 2022 seront automatiquement report\u00e9es, y compris les CPL qui ont \u00e9t\u00e9 scann\u00e9es lors de la conf\u00e9rence nationale du CIP\/PIBC \u00e0 Whistler, en Colombie-Britannique.<\/li>\n\n\n\n<li>Pour les questions relatives au CPL, veuillez contacter vos<a href=\"https:\/\/www.cip-icu.ca\/Resources\/Provincial-and-Territorial-Institutes-and-Associat\"> instituts et associations provinciaux et territoriaux<\/a>.<\/li>\n<\/ul>\n\n<p><strong>Calendrier des \u00e9v\u00e9nements<\/strong><\/p>\n\n<ul class=\"wp-block-list\">\n<li>Un nouveau calendrier des \u00e9v\u00e9nements CIP est en cours d&#8217;\u00e9laboration et sera lanc\u00e9 le 26 ao\u00fbt 2022 !  <\/li>\n\n\n\n<li>Par cons\u00e9quent, l&#8217;ancien calendrier des \u00e9v\u00e9nements sera indisponible du 14 au 25 ao\u00fbt 2022.<\/li>\n\n\n\n<li>NOUVEAU ! Toutes les manifestations des instituts provinciaux et territoriaux et des associations seront \u00e9galement affich\u00e9es.<\/li>\n\n\n\n<li>Des questions ? Veuillez contacter events@cip-icu.ca<\/li>\n<\/ul>\n\n<p><strong>Plan Canada<\/strong><\/p>\n\n<ul class=\"wp-block-list\">\n<li>Vous n&#8217;aurez plus besoin de vous connecter pour<a href=\"https:\/\/www.cip-icu.ca\/Resources\/Plan-Canada\/Plan-Canada-Issues\"> acc\u00e9der \u00e0 Plan Canada<\/a> pendant la phase 1.<\/li>\n<\/ul>\n\n<p>Des questions ? Veuillez contacter communications@cip-icu.ca<\/p>\n\n<p><strong>CIP Apprentissage professionnel HUB<\/strong><\/p>\n\n<ul class=\"wp-block-list\">\n<li>Vous n&#8217;aurez pas besoin de vous connecter pour<a href=\"https:\/\/www.cip-icu.ca\/Learning-Hub\"> acc\u00e9der au HUB d&#8217;apprentissage professionnel<\/a> pendant la phase 1.<\/li>\n<\/ul>\n\n<p>Des questions ? Veuillez contacter engage@cip-icu.ca<\/p>\n","protected":false},"excerpt":{"rendered":"<p>Dans le cadre de notre engagement \u00e0 am\u00e9liorer les services aux membres, nous avons travaill\u00e9 avec les associations et instituts provinciaux et territoriaux (AIPT) pour&hellip;<\/p>\n","protected":false},"author":12,"featured_media":21794,"comment_status":"closed","ping_status":"closed","sticky":false,"template":"","format":"standard","meta":{"_acf_changed":false,"footnotes":""},"categories":[92],"tags":[103],"class_list":["post-22402","post","type-post","status-publish","format-standard","has-post-thumbnail","hentry","category-blog","tag-adhesion"],"acf":[],"_links":{"self":[{"href":"https:\/\/www.cip-icu.ca\/fr\/wp-json\/wp\/v2\/posts\/22402","targetHints":{"allow":["GET"]}}],"collection":[{"href":"https:\/\/www.cip-icu.ca\/fr\/wp-json\/wp\/v2\/posts"}],"about":[{"href":"https:\/\/www.cip-icu.ca\/fr\/wp-json\/wp\/v2\/types\/post"}],"author":[{"embeddable":true,"href":"https:\/\/www.cip-icu.ca\/fr\/wp-json\/wp\/v2\/users\/12"}],"replies":[{"embeddable":true,"href":"https:\/\/www.cip-icu.ca\/fr\/wp-json\/wp\/v2\/comments?post=22402"}],"version-history":[{"count":1,"href":"https:\/\/www.cip-icu.ca\/fr\/wp-json\/wp\/v2\/posts\/22402\/revisions"}],"predecessor-version":[{"id":22410,"href":"https:\/\/www.cip-icu.ca\/fr\/wp-json\/wp\/v2\/posts\/22402\/revisions\/22410"}],"wp:featuredmedia":[{"embeddable":true,"href":"https:\/\/www.cip-icu.ca\/fr\/wp-json\/wp\/v2\/media\/21794"}],"wp:attachment":[{"href":"https:\/\/www.cip-icu.ca\/fr\/wp-json\/wp\/v2\/media?parent=22402"}],"wp:term":[{"taxonomy":"category","embeddable":true,"href":"https:\/\/www.cip-icu.ca\/fr\/wp-json\/wp\/v2\/categories?post=22402"},{"taxonomy":"post_tag","embeddable":true,"href":"https:\/\/www.cip-icu.ca\/fr\/wp-json\/wp\/v2\/tags?post=22402"}],"curies":[{"name":"wp","href":"https:\/\/api.w.org\/{rel}","templated":true}]}}