{"id":22422,"date":"2022-01-11T17:20:00","date_gmt":"2022-01-12T01:20:00","guid":{"rendered":"https:\/\/www.cip-icu.ca\/non-classifiee\/les-nominations-pour-le-prix-du-president-sont-desormais-acceptees\/"},"modified":"2023-11-20T16:01:44","modified_gmt":"2023-11-21T00:01:44","slug":"les-nominations-pour-le-prix-du-president-sont-desormais-acceptees","status":"publish","type":"post","link":"https:\/\/www.cip-icu.ca\/fr\/blog\/les-nominations-pour-le-prix-du-president-sont-desormais-acceptees\/","title":{"rendered":"Les nominations pour le Prix du Pr\u00e9sident sont d\u00e9sormais accept\u00e9es"},"content":{"rendered":"\n<p class=\"lede\">Vous connaissez quelqu&#8217;un dont les r\u00e9alisations, dans le cadre d&#8217;un travail universitaire ou en tant que planificateur professionnel, m\u00e9ritent d&#8217;\u00eatre reconnues ?<br\/><br\/>L&#8217;ICU accepte maintenant les nominations pour les prix du pr\u00e9sident dans les trois cat\u00e9gories suivantes : <strong>Universitaire<\/strong>, <strong><sup>MCIP\u00ae<\/sup><\/strong> et <strong>Jeune planificateur<\/strong>.<br\/><\/p>\n\n<h4 class=\"wp-block-heading\">Prix du Pr\u00e9sident : Acad\u00e9mique<\/h4>\n\n<p>Le Prix du Pr\u00e9sident : Reconna\u00eet les r\u00e9alisations exceptionnelles d&#8217;un sp\u00e9cialiste canadien de l&#8217;urbanisme dont la contribution significative \u00e0 la recherche en urbanisme, \u00e0 la litt\u00e9rature ou \u00e0 la communaut\u00e9 \u00e9tudiante m\u00e9rite d&#8217;\u00eatre reconnue au niveau national.  <br\/><br\/>Pour commencer, jetez un coup d&#8217;\u0153il aux <a href=\"https:\/\/www.cip-icu.ca\/Files\/Awards\/President-s-Award-Academic\/Academic-Guidelines-2022.aspx\">lignes directrices relatives aux nominations<\/a>.<\/p>\n\n<h4 class=\"wp-block-heading\"><br\/>Prix du Pr\u00e9sident : <sup>MCIP<\/sup><\/h4>\n\n<p>Le Prix du pr\u00e9sident : <sup>MCIP\u00ae<\/sup> reconna\u00eet les r\u00e9alisations exceptionnelles d&#8217;un planificateur canadien en exercice (<sup>MCIP\u00ae<\/sup>) dont la contribution importante \u00e0 la communaut\u00e9 des planificateurs m\u00e9rite d&#8217;\u00eatre reconnue au niveau national.<\/p>\n\n<p>Pour commencer, jetez un coup d&#8217;\u0153il aux <a href=\"https:\/\/www.cip-icu.ca\/Files\/Awards\/President-s-Award-MCIP\/MCIP-Guidelines-2022.aspx\">lignes directrices relatives aux nominations<\/a>.<\/p>\n\n<h4 class=\"wp-block-heading\"><br\/><br\/>Prix du Pr\u00e9sident : Jeune planificateur<\/h4>\n\n<p>Le prix du jeune urbaniste r\u00e9compense un jeune urbaniste canadien (\u00e2g\u00e9 de moins de 35 ans) pour sa r\u00e9ussite professionnelle exceptionnelle, sa vision, son leadership et\/ou ses services \u00e0 la profession. Ce prix a \u00e9t\u00e9 cr\u00e9\u00e9 pour r\u00e9compenser les leaders de demain.  <br\/><br\/>Pour commencer, jetez un coup d&#8217;\u0153il aux <a href=\"https:\/\/www.cip-icu.ca\/Files\/Awards\/President-sAwardforYoungPlanners\/PAYP-2022-Guidelines.aspx\">lignes directrices relatives aux nominations<\/a>.<br\/><br\/>Bien que seul un membre actuel du CIP puisse soumettre une nomination pour les prix acad\u00e9miques et <sup>MCIP\u00ae<\/sup>, les nominations pour le prix du jeune planificateur peuvent \u00e9galement \u00eatre soumises par des coll\u00e8gues ou des employeurs.<br\/><br\/>Vous connaissez une personne qui m\u00e9rite d&#8217;\u00eatre r\u00e9compens\u00e9e par un Prix du Pr\u00e9sident ? Commencez \u00e0 pr\u00e9parer leur nomination d\u00e8s aujourd&#8217;hui ! Bien que le dossier de candidature requis varie selon la cat\u00e9gorie de prix, chaque cat\u00e9gorie requiert des lettres de soutien suppl\u00e9mentaires. Si vous souhaitez proposer une candidature, nous vous encourageons donc \u00e0 entamer le processus d\u00e8s que possible. La date limite de d\u00e9p\u00f4t des candidatures est fix\u00e9e au <strong>25 mars 2022<\/strong>.<\/p>\n","protected":false},"excerpt":{"rendered":"<p>Vous connaissez quelqu&#8217;un dont les r\u00e9alisations, dans le cadre d&#8217;un travail universitaire ou en tant que planificateur professionnel, m\u00e9ritent d&#8217;\u00eatre reconnues ?L&#8217;ICU accepte maintenant les&hellip;<\/p>\n","protected":false},"author":12,"featured_media":21821,"comment_status":"closed","ping_status":"closed","sticky":false,"template":"","format":"standard","meta":{"_acf_changed":false,"footnotes":""},"categories":[92],"tags":[100],"class_list":["post-22422","post","type-post","status-publish","format-standard","has-post-thumbnail","hentry","category-blog","tag-honneurs-prix"],"acf":[],"_links":{"self":[{"href":"https:\/\/www.cip-icu.ca\/fr\/wp-json\/wp\/v2\/posts\/22422","targetHints":{"allow":["GET"]}}],"collection":[{"href":"https:\/\/www.cip-icu.ca\/fr\/wp-json\/wp\/v2\/posts"}],"about":[{"href":"https:\/\/www.cip-icu.ca\/fr\/wp-json\/wp\/v2\/types\/post"}],"author":[{"embeddable":true,"href":"https:\/\/www.cip-icu.ca\/fr\/wp-json\/wp\/v2\/users\/12"}],"replies":[{"embeddable":true,"href":"https:\/\/www.cip-icu.ca\/fr\/wp-json\/wp\/v2\/comments?post=22422"}],"version-history":[{"count":1,"href":"https:\/\/www.cip-icu.ca\/fr\/wp-json\/wp\/v2\/posts\/22422\/revisions"}],"predecessor-version":[{"id":22425,"href":"https:\/\/www.cip-icu.ca\/fr\/wp-json\/wp\/v2\/posts\/22422\/revisions\/22425"}],"wp:featuredmedia":[{"embeddable":true,"href":"https:\/\/www.cip-icu.ca\/fr\/wp-json\/wp\/v2\/media\/21821"}],"wp:attachment":[{"href":"https:\/\/www.cip-icu.ca\/fr\/wp-json\/wp\/v2\/media?parent=22422"}],"wp:term":[{"taxonomy":"category","embeddable":true,"href":"https:\/\/www.cip-icu.ca\/fr\/wp-json\/wp\/v2\/categories?post=22422"},{"taxonomy":"post_tag","embeddable":true,"href":"https:\/\/www.cip-icu.ca\/fr\/wp-json\/wp\/v2\/tags?post=22422"}],"curies":[{"name":"wp","href":"https:\/\/api.w.org\/{rel}","templated":true}]}}