{"id":22450,"date":"2021-10-21T17:48:00","date_gmt":"2021-10-22T00:48:00","guid":{"rendered":"https:\/\/www.cip-icu.ca\/non-classifiee\/webinaire-approches-internationales-des-communautes-en-sante-en-anglais\/"},"modified":"2023-11-20T16:01:47","modified_gmt":"2023-11-21T00:01:47","slug":"webinaire-approches-internationales-des-communautes-en-sante-en-anglais","status":"publish","type":"post","link":"https:\/\/www.cip-icu.ca\/fr\/blog\/webinaire-approches-internationales-des-communautes-en-sante-en-anglais\/","title":{"rendered":"Webinaire &#8220;Approches internationales des communaut\u00e9s en sant\u00e9&#8221; (en anglais)"},"content":{"rendered":"\n<p class=\"lede\">\u00c0 l&#8217;occasion de la Journ\u00e9e mondiale de l&#8217;urbanisme, le 8 novembre 2021, le CIP organise le webinaire International Approaches to Healthy Communities de 13h \u00e0 14h30. EST.<br\/><br\/>Face aux probl\u00e8mes de plus en plus complexes qui affectent les communaut\u00e9s \u00e0 l&#8217;\u00e9chelle mondiale, les liens entre la conception de la communaut\u00e9 et l&#8217;\u00e9tat de sant\u00e9 sont de plus en plus \u00e9vidents. Que font les urbanistes et les organisations du monde entier pour placer la sant\u00e9 humaine et environnementale au c\u0153ur de la construction des villes ? Le webinaire du CIP, intitul\u00e9 &#8220;Approches internationales pour des communaut\u00e9s en bonne sant\u00e9&#8221;, examinera les programmes et projets internationaux qui visent \u00e0 am\u00e9liorer la sant\u00e9 des communaut\u00e9s.<br\/><br\/>S&#8217;inscrire <a href=\"https:\/\/events.cip-icu.ca\/Events\/Details.aspx?Id=daf6837b-6228-43ca-92e1-e4a8e44042cc&amp;page=0&amp;StartDate=10\/18\/2021&amp;EndDate=4\/30\/2022&amp;TypeId=&amp;Keyword=\">ici<\/a>.<\/p>\n\n<h4 class=\"wp-block-heading\"><br\/>Intervenants :<\/h4>\n\n<p><strong>Lindsay Fischer RPP, MCIP<\/strong><br\/><br\/>Lindsay Fischer RPP, MCIP est strat\u00e8ge en design chez Perkins Eastman. En tant qu&#8217;urbaniste de formation professionnelle, Mme Fischer travaille dans le domaine de l&#8217;urbanisme, de la conception urbaine et de la strat\u00e9gie de conception. Anim\u00e9 par le d\u00e9sir d&#8217;am\u00e9liorer la vie des habitants de nos villes, Fischer adopte une approche strat\u00e9gique et centr\u00e9e sur l&#8217;\u00eatre humain en mati\u00e8re de recherche et d&#8217;analyse de la conception. Sa connaissance intime du &#8220;lieu&#8221; lui a permis de s&#8217;engager activement dans un travail interdisciplinaire avec divers domaines d&#8217;activit\u00e9 chez Perkins Eastman. Mme Fischer est titulaire d&#8217;une ma\u00eetrise en planification de l&#8217;Universit\u00e9 de Calgary et d&#8217;une ma\u00eetrise en sciences de l&#8217;am\u00e9nagement et de la gestion des espaces urbains de l&#8217;Institut Pratt.<br\/><br\/><strong>Juma Assiago (UN Habitat)<\/strong><br\/><br\/>Juma Assiago est le coordinateur du programme Safer Cities \u00e0 UN-Habitat. Urbaniste, titulaire d&#8217;un Master of Science en d\u00e9veloppement urbain durable de l&#8217;Universit\u00e9 d&#8217;Oxford, il a 22 ans d&#8217;exp\u00e9rience professionnelle dans le soutien aux villes pour l&#8217;\u00e9laboration et la mise en \u0153uvre de strat\u00e9gies de s\u00e9curit\u00e9 urbaine.<br\/><br\/><strong>Michael Chang MRTPI, HonMFPH<\/strong><br\/><br\/>Michael est urbaniste agr\u00e9\u00e9 et membre honoraire de la facult\u00e9 britannique de sant\u00e9 publique. Il a lanc\u00e9 et dirig\u00e9 le programme Reuniting Health with Planning de la Town and Country Planning Association, qui a produit des publications sur la pratique de la planification de lieux sains. Actuellement directeur de programme \u00e0 l&#8217;Office for Health Improvement and Disparities du minist\u00e8re britannique de la sant\u00e9 et des soins sociaux, il apporte son expertise en mati\u00e8re de planification dans tous les domaines politiques. Michael a initi\u00e9 et cofond\u00e9 le r\u00e9seau &#8220;Health and Wellbeing in Planning&#8221; (sant\u00e9 et bien-\u00eatre dans la planification). Il est chercheur invit\u00e9 au centre de collaboration de l&#8217;OMS pour les environnements urbains sains et au r\u00e9seau de leaders en mati\u00e8re de sant\u00e9 de l&#8217;Urban Land Institute pour 2021.<\/p>\n","protected":false},"excerpt":{"rendered":"<p>\u00c0 l&#8217;occasion de la Journ\u00e9e mondiale de l&#8217;urbanisme, le 8 novembre 2021, le CIP organise le webinaire International Approaches to Healthy Communities de 13h \u00e0&hellip;<\/p>\n","protected":false},"author":12,"featured_media":21828,"comment_status":"closed","ping_status":"closed","sticky":false,"template":"","format":"standard","meta":{"_acf_changed":false,"footnotes":""},"categories":[92],"tags":[108,104],"class_list":["post-22450","post","type-post","status-publish","format-standard","has-post-thumbnail","hentry","category-blog","tag-collectivites-saines","tag-soutien-carriere"],"acf":[],"_links":{"self":[{"href":"https:\/\/www.cip-icu.ca\/fr\/wp-json\/wp\/v2\/posts\/22450","targetHints":{"allow":["GET"]}}],"collection":[{"href":"https:\/\/www.cip-icu.ca\/fr\/wp-json\/wp\/v2\/posts"}],"about":[{"href":"https:\/\/www.cip-icu.ca\/fr\/wp-json\/wp\/v2\/types\/post"}],"author":[{"embeddable":true,"href":"https:\/\/www.cip-icu.ca\/fr\/wp-json\/wp\/v2\/users\/12"}],"replies":[{"embeddable":true,"href":"https:\/\/www.cip-icu.ca\/fr\/wp-json\/wp\/v2\/comments?post=22450"}],"version-history":[{"count":1,"href":"https:\/\/www.cip-icu.ca\/fr\/wp-json\/wp\/v2\/posts\/22450\/revisions"}],"predecessor-version":[{"id":22452,"href":"https:\/\/www.cip-icu.ca\/fr\/wp-json\/wp\/v2\/posts\/22450\/revisions\/22452"}],"wp:featuredmedia":[{"embeddable":true,"href":"https:\/\/www.cip-icu.ca\/fr\/wp-json\/wp\/v2\/media\/21828"}],"wp:attachment":[{"href":"https:\/\/www.cip-icu.ca\/fr\/wp-json\/wp\/v2\/media?parent=22450"}],"wp:term":[{"taxonomy":"category","embeddable":true,"href":"https:\/\/www.cip-icu.ca\/fr\/wp-json\/wp\/v2\/categories?post=22450"},{"taxonomy":"post_tag","embeddable":true,"href":"https:\/\/www.cip-icu.ca\/fr\/wp-json\/wp\/v2\/tags?post=22450"}],"curies":[{"name":"wp","href":"https:\/\/api.w.org\/{rel}","templated":true}]}}