{"id":22479,"date":"2021-05-18T18:33:00","date_gmt":"2021-05-19T01:33:00","guid":{"rendered":"https:\/\/www.cip-icu.ca\/non-classifiee\/webinaire-planifier-le-transport-actif-20-mai-a-13h-et\/"},"modified":"2023-11-20T16:01:52","modified_gmt":"2023-11-21T00:01:52","slug":"webinaire-planifier-le-transport-actif-20-mai-a-13h-et","status":"publish","type":"post","link":"https:\/\/www.cip-icu.ca\/fr\/blog\/webinaire-planifier-le-transport-actif-20-mai-a-13h-et\/","title":{"rendered":"Webinaire &#8211; Planifier le transport actif, 20 mai \u00e0 13h ET"},"content":{"rendered":"\n<p class=\"lede\">\u00c0 l&#8217;occasion de la Journ\u00e9e du v\u00e9lo au travail, l&#8217;ICU pr\u00e9sente un webinaire GRATUIT intitul\u00e9 &#8220;Planning for Active Transportation&#8221; (Planification du transport actif). Les intervenants invit\u00e9s partageront leur expertise et discuteront de la mani\u00e8re dont ils encouragent la marche, le v\u00e9lo et d&#8217;autres modes de transport actif dans leurs communaut\u00e9s par le biais de la recherche, de la planification et de la d\u00e9fense des int\u00e9r\u00eats.<br\/><br\/>Nous avons \u00e9galement le plaisir d&#8217;accueillir le d\u00e9put\u00e9 de Halifax et secr\u00e9taire parlementaire du ministre de l&#8217;infrastructure et des collectivit\u00e9s, <strong>Andy Fillmore<\/strong>, qui se joindra \u00e0 nous en tant que mod\u00e9rateur de cette table ronde. Veuillez faire d\u00e9filer la page pour consulter les biographies des experts et des mod\u00e9rateurs.<br\/><br\/><strong>Pan\u00e9listes :<\/strong><\/p>\n\n<ul class=\"wp-block-list\">\n<li><strong>Armi De Francia (Ville d&#8217;Ajax)<\/strong><\/li>\n\n\n\n<li><strong>Dr. Ahmed El-Geneidy (Universit\u00e9 McGill)<\/strong><\/li>\n\n\n\n<li><strong>Chris Bruntlett (Dutch Cycling Embassy)<\/strong><\/li>\n<\/ul>\n\n<p>S&#8217;inscrire <a href=\"https:\/\/register.gotowebinar.com\/register\/6586598432433374221\">: https:\/\/register.gotowebinar.com\/register\/6586598432433374221<\/a><br\/><br\/>Biographies des intervenants :<br\/><strong>Armi De Francia<\/strong><br\/>Armi est un planificateur du transport actif \u00e0 la ville d&#8217;Ajax qui remet en question les id\u00e9es fausses sur les personnes qui peuvent b\u00e9n\u00e9ficier du transport actif. Elle s&#8217;efforce de permettre \u00e0 un plus grand nombre de communaut\u00e9s de b\u00e9n\u00e9ficier des avantages du transport actif en collaborant avec d&#8217;autres disciplines, en renfor\u00e7ant les capacit\u00e9s et en tirant parti des atouts de la communaut\u00e9. Outre la mise en \u0153uvre du plan directeur de transport int\u00e9gr\u00e9 et du plan de gestion de la demande de transport, elle g\u00e8re les programmes d&#8217;\u00e9cole active de la ville d&#8217;Ajax et met en \u0153uvre des mesures de transport actif dans le plan communautaire d&#8217;Ajax favorable aux personnes \u00e2g\u00e9es. Son approche de l&#8217;engagement inclusif implique l&#8217;application d&#8217;une lentille intersectionnelle ainsi que des techniques d&#8217;une m\u00e9thode de conseil appel\u00e9e &#8220;entretien motivationnel&#8221;. En 2020, elle est devenue la deuxi\u00e8me Canadienne, la premi\u00e8re Canadienne d&#8217;origine philippine et la premi\u00e8re Canadienne racialis\u00e9e \u00e0 recevoir le prix de l&#8217;employ\u00e9 du secteur public de l&#8217;ann\u00e9e d\u00e9cern\u00e9 par l&#8217;Association of Pedestrian and Bicycle Professionals.<br\/><br\/><strong>Dr. Ahmed El-Geneidy<\/strong><br\/>Ahmed El-Geneidy est professeur titulaire \u00e0 l&#8217;\u00c9cole d&#8217;urbanisme de l&#8217;Universit\u00e9 McGill. Il m\u00e8ne des recherches dans le domaine de l&#8217;am\u00e9nagement du territoire et de la planification des transports, de l&#8217;exploitation et de la planification des transports publics, de l&#8217;analyse du comportement des voyageurs, en se concentrant sur l&#8217;utilisation des modes de transport motoris\u00e9s et non motoris\u00e9s et leur impact sur la sant\u00e9 et le bien-\u00eatre, ainsi que sur la mesure de l&#8217;accessibilit\u00e9 dans les contextes urbains. Ahmed s&#8217;int\u00e9resse tout particuli\u00e8rement \u00e0 la mesure et \u00e0 la compr\u00e9hension des besoins des populations d\u00e9favoris\u00e9es en mati\u00e8re de transport. En 2007, il a cr\u00e9\u00e9 le laboratoire de recherche sur les transports \u00e0 McGill (TRAM), connu pour ses travaux de recherche ax\u00e9s sur la pratique qui ont eu un impact sur les communaut\u00e9s au Canada et dans le monde entier. Il a publi\u00e9 plus de 140 articles dans des revues universitaires \u00e0 comit\u00e9 de lecture gr\u00e2ce \u00e0 ses collaborations avec les \u00e9tudiants form\u00e9s dans le laboratoire TRAM.<br\/>Ahmed est titulaire d&#8217;une licence et d&#8217;une ma\u00eetrise en ing\u00e9nierie architecturale de l&#8217;universit\u00e9 d&#8217;Alexandrie, en \u00c9gypte, et d&#8217;un doctorat en \u00e9tudes urbaines de la Nohad A. Toulan School of Urban Studies and Planning de l&#8217;universit\u00e9 d&#8217;\u00c9tat de Portland, aux \u00c9tats-Unis.  <br\/><br\/>Ahmed est actuellement co-r\u00e9dacteur en chef de Transport Reviews et r\u00e9dacteur en chef du Journal of Transport and Land Use and Transportation. Il est \u00e9galement pr\u00e9sident et membre du conseil d&#8217;administration de la World Society on Transport and Land use Research (WSTLUR). Il si\u00e8ge actuellement au conseil d&#8217;administration de l&#8217;Autorit\u00e9 r\u00e9gionale de transport m\u00e9tropolitain (ARTM) de Montr\u00e9al.<br\/><br\/><strong>Chris Bruntlett<\/strong><br\/>Chris Bruntlett est responsable du marketing et de la communication \u00e0 l&#8217;ambassade n\u00e9erlandaise du cyclisme, un partenariat public-priv\u00e9 qui repr\u00e9sente les meilleures connaissances, exp\u00e9riences et experts des Pays-Bas. Militant de longue date \u00e0 Vancouver, il est tomb\u00e9 amoureux de la culture n\u00e9erlandaise du v\u00e9lo en 2016, ce qui l&#8217;a incit\u00e9 \u00e0 co\u00e9crire le livre &#8220;Building the Cycling City : The Dutch Blueprint for Urban Vitality&#8221;. Chris utilise ses connaissances et sa passion pour partager des le\u00e7ons pratiques avec les villes du monde entier qui souhaitent suivre leurs traces et devenir de meilleurs endroits pour vivre, travailler et, bien s\u00fbr, faire du v\u00e9lo.<br\/><br\/>Mod\u00e9rateur invit\u00e9 :<br\/><strong>Andy Fillmore, d\u00e9put\u00e9<\/strong><br\/>Andy Fillmore est d\u00e9put\u00e9 de Halifax et secr\u00e9taire parlementaire du ministre de l&#8217;infrastructure et des collectivit\u00e9s. \u00c9lu pour la premi\u00e8re fois en 2015, il a \u00e9t\u00e9 secr\u00e9taire parlementaire pour le patrimoine canadien et les institutions d\u00e9mocratiques, et a pr\u00e9sid\u00e9 le Comit\u00e9 permanent des affaires autochtones de la Chambre des communes. Avant de se lancer dans la politique, Andy a pass\u00e9 vingt ans en tant qu&#8217;urbaniste et b\u00e2tisseur de communaut\u00e9s dans les secteurs priv\u00e9, public et universitaire, notamment en tant que premier directeur de l&#8217;am\u00e9nagement urbain de Halifax. Il a \u00e9tudi\u00e9 \u00e0 l&#8217;universit\u00e9 Acadia et est dipl\u00f4m\u00e9 de l&#8217;universit\u00e9 Harvard et de l&#8217;universit\u00e9 Dalhousie. Andy a grandi \u00e0 Halifax et il est un fier d\u00e9fenseur acharn\u00e9 de sa ville natale au Parlement canadien.<\/p>\n","protected":false},"excerpt":{"rendered":"<p>\u00c0 l&#8217;occasion de la Journ\u00e9e du v\u00e9lo au travail, l&#8217;ICU pr\u00e9sente un webinaire GRATUIT intitul\u00e9 &#8220;Planning for Active Transportation&#8221; (Planification du transport actif). Les intervenants&hellip;<\/p>\n","protected":false},"author":12,"featured_media":21845,"comment_status":"closed","ping_status":"closed","sticky":false,"template":"","format":"standard","meta":{"_acf_changed":false,"footnotes":""},"categories":[92],"tags":[105,108,104],"class_list":["post-22479","post","type-post","status-publish","format-standard","has-post-thumbnail","hentry","category-blog","tag-changement-climatique","tag-collectivites-saines","tag-soutien-carriere"],"acf":[],"_links":{"self":[{"href":"https:\/\/www.cip-icu.ca\/fr\/wp-json\/wp\/v2\/posts\/22479","targetHints":{"allow":["GET"]}}],"collection":[{"href":"https:\/\/www.cip-icu.ca\/fr\/wp-json\/wp\/v2\/posts"}],"about":[{"href":"https:\/\/www.cip-icu.ca\/fr\/wp-json\/wp\/v2\/types\/post"}],"author":[{"embeddable":true,"href":"https:\/\/www.cip-icu.ca\/fr\/wp-json\/wp\/v2\/users\/12"}],"replies":[{"embeddable":true,"href":"https:\/\/www.cip-icu.ca\/fr\/wp-json\/wp\/v2\/comments?post=22479"}],"version-history":[{"count":1,"href":"https:\/\/www.cip-icu.ca\/fr\/wp-json\/wp\/v2\/posts\/22479\/revisions"}],"predecessor-version":[{"id":22484,"href":"https:\/\/www.cip-icu.ca\/fr\/wp-json\/wp\/v2\/posts\/22479\/revisions\/22484"}],"wp:featuredmedia":[{"embeddable":true,"href":"https:\/\/www.cip-icu.ca\/fr\/wp-json\/wp\/v2\/media\/21845"}],"wp:attachment":[{"href":"https:\/\/www.cip-icu.ca\/fr\/wp-json\/wp\/v2\/media?parent=22479"}],"wp:term":[{"taxonomy":"category","embeddable":true,"href":"https:\/\/www.cip-icu.ca\/fr\/wp-json\/wp\/v2\/categories?post=22479"},{"taxonomy":"post_tag","embeddable":true,"href":"https:\/\/www.cip-icu.ca\/fr\/wp-json\/wp\/v2\/tags?post=22479"}],"curies":[{"name":"wp","href":"https:\/\/api.w.org\/{rel}","templated":true}]}}