{"id":22485,"date":"2021-05-17T18:34:00","date_gmt":"2021-05-18T01:34:00","guid":{"rendered":"https:\/\/www.cip-icu.ca\/non-classifiee\/portabilite-professionnelle-travailler-a-travers-les-juridictions-provinciales-et-territoriales\/"},"modified":"2023-11-20T16:01:52","modified_gmt":"2023-11-21T00:01:52","slug":"portabilite-professionnelle-travailler-a-travers-les-juridictions-provinciales-et-territoriales","status":"publish","type":"post","link":"https:\/\/www.cip-icu.ca\/fr\/blog\/portabilite-professionnelle-travailler-a-travers-les-juridictions-provinciales-et-territoriales\/","title":{"rendered":"Portabilit\u00e9 professionnelle : Travailler \u00e0 travers les juridictions provinciales et territoriales"},"content":{"rendered":"\n<p class=\"lede\">Le travail \u00e0 distance \u00e9tant appel\u00e9 \u00e0 se d\u00e9velopper, il est rappel\u00e9 aux planificateurs professionnels qu&#8217;ils sont tenus de s&#8217;enregistrer dans la province ou le territoire o\u00f9 ils vivent et\/ou travaillent.<\/p>\n\n<p>Par exemple, si une personne est enregistr\u00e9e en Ontario en tant que RPA, elle ne peut pas accepter un contrat de travail en Alberta et se pr\u00e9senter comme RPA, \u00e0 moins qu&#8217;elle ne soit \u00e9galement enregistr\u00e9e aupr\u00e8s de l&#8217;Alberta Professional Planning Institute. L&#8217;utilisation de titres professionnels de planification dans une juridiction o\u00f9 la personne n&#8217;est pas enregistr\u00e9e est passible de sanctions.<\/p>\n\n<p>La r\u00e9ponse ? Des adh\u00e9sions secondaires sont disponibles aupr\u00e8s des associations et instituts provinciaux et territoriaux (PTIA) pour ceux qui travaillent dans plus d&#8217;une juridiction. Contactez votre <a href=\"https:\/\/www.cip-icu.ca\/Resources\/Provincial-and-Territorial-Institutes-and-Associat\">PTIA<\/a> pour plus d&#8217;informations.<\/p>\n\n<p>Pour en savoir plus sur les transferts entre juridictions <a href=\"https:\/\/www.cip-icu.ca\/Resources\/Provincial-and-Territorial-Institutes-and-Associat\/Porfessional-Portability\">, cliquez ici<\/a>.<\/p>\n","protected":false},"excerpt":{"rendered":"<p>Le travail \u00e0 distance \u00e9tant appel\u00e9 \u00e0 se d\u00e9velopper, il est rappel\u00e9 aux planificateurs professionnels qu&#8217;ils sont tenus de s&#8217;enregistrer dans la province ou le&hellip;<\/p>\n","protected":false},"author":12,"featured_media":21846,"comment_status":"closed","ping_status":"closed","sticky":false,"template":"","format":"standard","meta":{"_acf_changed":false,"footnotes":""},"categories":[92],"tags":[103,104],"class_list":["post-22485","post","type-post","status-publish","format-standard","has-post-thumbnail","hentry","category-blog","tag-adhesion","tag-soutien-carriere"],"acf":[],"_links":{"self":[{"href":"https:\/\/www.cip-icu.ca\/fr\/wp-json\/wp\/v2\/posts\/22485","targetHints":{"allow":["GET"]}}],"collection":[{"href":"https:\/\/www.cip-icu.ca\/fr\/wp-json\/wp\/v2\/posts"}],"about":[{"href":"https:\/\/www.cip-icu.ca\/fr\/wp-json\/wp\/v2\/types\/post"}],"author":[{"embeddable":true,"href":"https:\/\/www.cip-icu.ca\/fr\/wp-json\/wp\/v2\/users\/12"}],"replies":[{"embeddable":true,"href":"https:\/\/www.cip-icu.ca\/fr\/wp-json\/wp\/v2\/comments?post=22485"}],"version-history":[{"count":1,"href":"https:\/\/www.cip-icu.ca\/fr\/wp-json\/wp\/v2\/posts\/22485\/revisions"}],"predecessor-version":[{"id":22490,"href":"https:\/\/www.cip-icu.ca\/fr\/wp-json\/wp\/v2\/posts\/22485\/revisions\/22490"}],"wp:featuredmedia":[{"embeddable":true,"href":"https:\/\/www.cip-icu.ca\/fr\/wp-json\/wp\/v2\/media\/21846"}],"wp:attachment":[{"href":"https:\/\/www.cip-icu.ca\/fr\/wp-json\/wp\/v2\/media?parent=22485"}],"wp:term":[{"taxonomy":"category","embeddable":true,"href":"https:\/\/www.cip-icu.ca\/fr\/wp-json\/wp\/v2\/categories?post=22485"},{"taxonomy":"post_tag","embeddable":true,"href":"https:\/\/www.cip-icu.ca\/fr\/wp-json\/wp\/v2\/tags?post=22485"}],"curies":[{"name":"wp","href":"https:\/\/api.w.org\/{rel}","templated":true}]}}