{"id":22488,"date":"2021-06-10T18:30:00","date_gmt":"2021-06-11T01:30:00","guid":{"rendered":"https:\/\/www.cip-icu.ca\/non-classifiee\/webinaire-zonage-equite-et-droits-de-lhomme-lecons-dedmonton\/"},"modified":"2023-11-20T16:01:53","modified_gmt":"2023-11-21T00:01:53","slug":"webinaire-zonage-equite-et-droits-de-lhomme-lecons-dedmonton","status":"publish","type":"post","link":"https:\/\/www.cip-icu.ca\/fr\/blog\/webinaire-zonage-equite-et-droits-de-lhomme-lecons-dedmonton\/","title":{"rendered":"Webinaire &#8220;Zonage, \u00e9quit\u00e9 et droits de l&#8217;homme : Le\u00e7ons d&#8217;Edmonton&#8221;"},"content":{"rendered":"\n<p class=\"lede\">L&#8217;ICU a le plaisir de collaborer avec la ville d&#8217;Edmonton dans le cadre du webinaire &#8220;Zoning, Equity, and Human Rights : Le\u00e7ons d&#8217;Edmonton&#8221;. Le webinaire abordera la nouvelle initiative de renouvellement du r\u00e8glement de zonage d&#8217;Edmonton, les nouveaux outils tels que la bo\u00eete \u00e0 outils GBA+ et Equity et les podcasts, les nouveaux moyens d&#8217;engager la communaut\u00e9 et la fa\u00e7on dont le r\u00e8glement de zonage donne la priorit\u00e9 \u00e0 l&#8217;amplification des voix sous-repr\u00e9sent\u00e9es, y compris les parties prenantes souvent exclues des conversations sur l&#8217;utilisation des terres.  <\/p>\n\n<p>&#8220;Les urbanistes et les b\u00e2tisseurs communautaires de tout le Canada sont inspir\u00e9s par le travail entrepris par la ville d&#8217;Edmonton dans le domaine de l&#8217;int\u00e9gration de l&#8217;\u00e9quit\u00e9 dans les r\u00e8glements d&#8217;utilisation des terres&#8221;, a d\u00e9clar\u00e9 le pr\u00e9sident de l&#8217;ICU, Dan Huang RPP, MCIP. &#8220;On peut dire qu&#8217;Edmonton est \u00e0 l&#8217;avant-garde de cette importante initiative en utilisant des outils uniques pour engager cette conversation&#8221;.  <\/p>\n\n<p>Joignez-vous \u00e0 nos pan\u00e9listes de l&#8217;\u00e9quipe des r\u00e8glements de zonage de la ville d&#8217;Edmonton, Jason Syvixay RPP, MCIP, Felipe Canavera, Livia Balone RPP, MCIP, et le chercheur en \u00e9quit\u00e9, Dr. Sandeep Agrawal RPP, MCIP, le 6 juillet de 13 h \u00e0 14 h. ET.  <\/p>\n\n<p>Ce webinaire est gratuit pour tous les membres du CIP. <a href=\"https:\/\/www.cip-icu.ca\/CPL\">Visitez notre page CPL pour plus d&#8217;informations et pour vous inscrire<\/a>.<\/p>\n","protected":false},"excerpt":{"rendered":"<p>L&#8217;ICU a le plaisir de collaborer avec la ville d&#8217;Edmonton dans le cadre du webinaire &#8220;Zoning, Equity, and Human Rights : Le\u00e7ons d&#8217;Edmonton&#8221;. Le webinaire&hellip;<\/p>\n","protected":false},"author":12,"featured_media":21841,"comment_status":"closed","ping_status":"closed","sticky":false,"template":"","format":"standard","meta":{"_acf_changed":false,"footnotes":""},"categories":[92],"tags":[106,104],"class_list":["post-22488","post","type-post","status-publish","format-standard","has-post-thumbnail","hentry","category-blog","tag-edia-fr","tag-soutien-carriere"],"acf":[],"_links":{"self":[{"href":"https:\/\/www.cip-icu.ca\/fr\/wp-json\/wp\/v2\/posts\/22488","targetHints":{"allow":["GET"]}}],"collection":[{"href":"https:\/\/www.cip-icu.ca\/fr\/wp-json\/wp\/v2\/posts"}],"about":[{"href":"https:\/\/www.cip-icu.ca\/fr\/wp-json\/wp\/v2\/types\/post"}],"author":[{"embeddable":true,"href":"https:\/\/www.cip-icu.ca\/fr\/wp-json\/wp\/v2\/users\/12"}],"replies":[{"embeddable":true,"href":"https:\/\/www.cip-icu.ca\/fr\/wp-json\/wp\/v2\/comments?post=22488"}],"version-history":[{"count":1,"href":"https:\/\/www.cip-icu.ca\/fr\/wp-json\/wp\/v2\/posts\/22488\/revisions"}],"predecessor-version":[{"id":22494,"href":"https:\/\/www.cip-icu.ca\/fr\/wp-json\/wp\/v2\/posts\/22488\/revisions\/22494"}],"wp:featuredmedia":[{"embeddable":true,"href":"https:\/\/www.cip-icu.ca\/fr\/wp-json\/wp\/v2\/media\/21841"}],"wp:attachment":[{"href":"https:\/\/www.cip-icu.ca\/fr\/wp-json\/wp\/v2\/media?parent=22488"}],"wp:term":[{"taxonomy":"category","embeddable":true,"href":"https:\/\/www.cip-icu.ca\/fr\/wp-json\/wp\/v2\/categories?post=22488"},{"taxonomy":"post_tag","embeddable":true,"href":"https:\/\/www.cip-icu.ca\/fr\/wp-json\/wp\/v2\/tags?post=22488"}],"curies":[{"name":"wp","href":"https:\/\/api.w.org\/{rel}","templated":true}]}}