{"id":22496,"date":"2023-11-15T13:13:05","date_gmt":"2023-11-15T21:13:05","guid":{"rendered":"https:\/\/www.cip-icu.ca\/non-classifiee\/mise-a-jour-importante-pour-les-membres-assurance-responsabilite-professionnelle\/"},"modified":"2023-11-21T07:52:22","modified_gmt":"2023-11-21T15:52:22","slug":"mise-a-jour-importante-pour-les-membres-assurance-responsabilite-professionnelle","status":"publish","type":"post","link":"https:\/\/www.cip-icu.ca\/fr\/blog\/mise-a-jour-importante-pour-les-membres-assurance-responsabilite-professionnelle\/","title":{"rendered":"Mise \u00e0 jour importante pour les membres : Assurance responsabilit\u00e9 professionnelle"},"content":{"rendered":"\n<p class=\"lede\">Les membres professionnels et candidats qui b\u00e9n\u00e9ficient d&#8217;une assurance responsabilit\u00e9 professionnelle (ARP) par l&#8217;interm\u00e9diaire de <a href=\"https:\/\/www.bmsgroup.com\/where-we-are\/canada\" rel=\"noreferrer noopener\" target=\"_blank\">BMS<\/a> auront un mandat de 14 mois au cours du cycle de renouvellement de 2024. Cela inclura deux mois suppl\u00e9mentaires de frais d&#8217;assurance responsabilit\u00e9 professionnelle.<\/p>\n\n<p>Nous faisons passer tous les membres \u00e0 une p\u00e9riode d&#8217;assurance de <strong>mars \u00e0 mars en 2025<\/strong> afin de r\u00e9duire le nombre de membres expos\u00e9s \u00e0 une interruption de couverture pour ceux qui ne sont pas en mesure de renouveler avant le <strong>31 d\u00e9cembre<\/strong>. Veuillez noter que les membres sont toujours tenus de renouveler leur police avant le 31 d\u00e9cembre 2023 afin d&#8217;assurer le maintien de la couverture pour 2024. La modification de la dur\u00e9e de la police d\u00e9butera en 2025.<\/p>\n\n<p>Voici quelques-unes des questions les plus fr\u00e9quemment pos\u00e9es par nos membres concernant la couverture de leur assurance responsabilit\u00e9 professionnelle :<\/p>\n\n<h1 class=\"wp-block-heading has-regular-font-size\" style=\"font-style:normal;font-weight:700\">Pourquoi ai-je besoin d\u2019une assurance responsabilit\u00e9 professionnelle?<\/h1>\n\n<p>L&#8217;assurance responsabilit\u00e9 professionnelle vous prot\u00e8ge contre la responsabilit\u00e9 ou les all\u00e9gations de responsabilit\u00e9 pour des blessures ou des dommages r\u00e9sultant d&#8217;un acte de n\u00e9gligence, d&#8217;une erreur, d&#8217;une omission ou d&#8217;une faute professionnelle survenus dans le cadre de votre activit\u00e9 professionnelle d\u2019urbaniste ou si une plainte est d\u00e9pos\u00e9e contre vous aupr\u00e8s de votre organisme de r\u00e9glementation. En tant que membre professionnel\/candidat, vous b\u00e9n\u00e9ficiez d&#8217;une couverture de 5 millions $ CAD.<\/p>\n\n<h1 class=\"wp-block-heading has-regular-font-size\" style=\"font-style:normal;font-weight:700\">Comment puis-je activer mon assurance responsabilit\u00e9 professionnelle?<\/h1>\n\n<p>Lorsque vous recevez l&#8217;avis de renouvellement de votre adh\u00e9sion par courriel, cliquez sur le lien pour compl\u00e9ter les \u00e9tapes suivantes : v\u00e9rifier vos coordonn\u00e9es, mettre \u00e0 jour vos pr\u00e9f\u00e9rences en mati\u00e8re de communication et confirmer votre type d&#8217;adh\u00e9sion. S\u00e9lectionnez ensuite une option de paiement par ch\u00e8que\/facture ou par carte de cr\u00e9dit. Le paiement n&#8217;est pas obligatoire \u00e0 ce stade et peut \u00eatre re\u00e7u apr\u00e8s le <strong>1er janvier<\/strong> sans cons\u00e9quence pour votre couverture. Une fois ces \u00e9tapes compl\u00e9t\u00e9es, votre renouvellement est consid\u00e9r\u00e9 comme termin\u00e9 et la date de d\u00e9but de votre certificat d&#8217;assurance vous sera communiqu\u00e9e. Si vous ne terminez pas ce processus de renouvellement avant le <strong>31 d\u00e9cembre<\/strong>, votre couverture deviendra caduque le <strong>1er janvier 2024<\/strong>..<\/p>\n\n<h1 class=\"wp-block-heading has-regular-font-size\" style=\"font-style:normal;font-weight:700\">Que se passe-t-il si je ne renouvelle <u><strong>pas<\/strong><\/u> mon assurance d\u2019ici le 31 d\u00e9cembre?<\/h1>\n\n<p>La couverture est souscrite sur la base de r\u00e9clamations et expire le <strong>1er janvier<\/strong> de chaque ann\u00e9e. Si vous ne renouvelez pas votre assurance responsabilit\u00e9 professionnelle (qui est incluse dans votre adh\u00e9sion de membre professionnel\/candidat) avant le <strong>31 d\u00e9cembre<\/strong>, votre couverture deviendra caduque le <strong>1er janvier 2024<\/strong>. Par cons\u00e9quent, vous serez vuln\u00e9rable aux r\u00e9clamations, m\u00eame si la p\u00e9riode indiqu\u00e9e dans la plainte est situ\u00e9e pendant une p\u00e9riode de couverture active.<\/p>\n\n<h1 class=\"wp-block-heading has-large-font-size\" style=\"font-style:normal;font-weight:700\">Visionner : \u00cates-vous assur\u00e9 ? Comment l&#8217;assurance responsabilit\u00e9 professionnelle vous prot\u00e8ge<\/h1>\n\n<p>Visionnez notre r\u00e9cent webinaire \u00ab tes-vous prot\u00e9g\u00e9 ? Comment l&#8217;assurance responsabilit\u00e9 professionnelle vous prot\u00e8ge \u00bb, anim\u00e9 par Brent Cartwright et Tara Scullion de BMS Canada. Ce webinaire peut vous aider \u00e0 en apprendre davantage sur votre couverture d&#8217;assurance responsabilit\u00e9 professionnelle et sur les risques et responsabilit\u00e9s associ\u00e9s \u00e0 vos pratiques. <\/p>\n\n<figure class=\"wp-block-embed is-type-video is-provider-vimeo wp-block-embed-vimeo wp-embed-aspect-16-9 wp-has-aspect-ratio\"><div class=\"wp-block-embed__wrapper\">\n<iframe loading=\"lazy\" title=\"Are you covered How Errors &amp; Omissions (Professional Liability) Insurance Protects You\" src=\"https:\/\/player.vimeo.com\/video\/879418557?h=0767485666&amp;dnt=1&amp;app_id=122963\" width=\"500\" height=\"281\" frameborder=\"0\" allow=\"autoplay; fullscreen; picture-in-picture; clipboard-write\"><\/iframe>\n<\/div><\/figure>\n","protected":false},"excerpt":{"rendered":"<p>Les membres professionnels et candidats qui b\u00e9n\u00e9ficient d&#8217;une assurance responsabilit\u00e9 professionnelle (ARP) par l&#8217;interm\u00e9diaire de BMS auront un mandat de 14 mois au cours du cycle de renouvellement de 2024. Cela inclura deux mois suppl\u00e9mentaires de frais d&#8217;assurance responsabilit\u00e9 professionnelle.<\/p>\n","protected":false},"author":14,"featured_media":21864,"comment_status":"closed","ping_status":"closed","sticky":false,"template":"","format":"standard","meta":{"_acf_changed":false,"footnotes":""},"categories":[92],"tags":[103],"class_list":["post-22496","post","type-post","status-publish","format-standard","has-post-thumbnail","hentry","category-blog","tag-adhesion"],"acf":[],"_links":{"self":[{"href":"https:\/\/www.cip-icu.ca\/fr\/wp-json\/wp\/v2\/posts\/22496","targetHints":{"allow":["GET"]}}],"collection":[{"href":"https:\/\/www.cip-icu.ca\/fr\/wp-json\/wp\/v2\/posts"}],"about":[{"href":"https:\/\/www.cip-icu.ca\/fr\/wp-json\/wp\/v2\/types\/post"}],"author":[{"embeddable":true,"href":"https:\/\/www.cip-icu.ca\/fr\/wp-json\/wp\/v2\/users\/14"}],"replies":[{"embeddable":true,"href":"https:\/\/www.cip-icu.ca\/fr\/wp-json\/wp\/v2\/comments?post=22496"}],"version-history":[{"count":3,"href":"https:\/\/www.cip-icu.ca\/fr\/wp-json\/wp\/v2\/posts\/22496\/revisions"}],"predecessor-version":[{"id":22748,"href":"https:\/\/www.cip-icu.ca\/fr\/wp-json\/wp\/v2\/posts\/22496\/revisions\/22748"}],"wp:featuredmedia":[{"embeddable":true,"href":"https:\/\/www.cip-icu.ca\/fr\/wp-json\/wp\/v2\/media\/21864"}],"wp:attachment":[{"href":"https:\/\/www.cip-icu.ca\/fr\/wp-json\/wp\/v2\/media?parent=22496"}],"wp:term":[{"taxonomy":"category","embeddable":true,"href":"https:\/\/www.cip-icu.ca\/fr\/wp-json\/wp\/v2\/categories?post=22496"},{"taxonomy":"post_tag","embeddable":true,"href":"https:\/\/www.cip-icu.ca\/fr\/wp-json\/wp\/v2\/tags?post=22496"}],"curies":[{"name":"wp","href":"https:\/\/api.w.org\/{rel}","templated":true}]}}