{"id":24358,"date":"2020-08-08T08:29:00","date_gmt":"2020-08-08T15:29:00","guid":{"rendered":"https:\/\/www.cip-icu.ca\/blog\/profil-durbaniste-jesse-ajayi-planification-de-lavenir-du-nord\/"},"modified":"2023-12-19T11:50:25","modified_gmt":"2023-12-19T19:50:25","slug":"profil-durbaniste-jesse-ajayi-planification-de-lavenir-du-nord","status":"publish","type":"post","link":"https:\/\/www.cip-icu.ca\/fr\/blog\/profil-durbaniste-jesse-ajayi-planification-de-lavenir-du-nord\/","title":{"rendered":"Profil d\u2019urbaniste : Jesse Ajayi, Planification de l&#8217;avenir du Nord"},"content":{"rendered":"\n<p class=\"lede\">Par: Comit\u00e9 de reconnaissance d&#8217;ICU<\/p>\n\n<p><strong>Domaine urbanistique<\/strong> :Planification de l\u2019utilisation des terres Municipales<\/p>\n\n<p><strong>Racontez-nous quelque chose d\u2019int\u00e9ressant \u00e0 votre sujet<\/strong> : J\u2019ai amorc\u00e9 ma carri\u00e8re dans l\u2019Arctique, o\u00f9 j\u2019offre des services urbanistiques aux municipalit\u00e9s de tout le Nunavut.<\/p>\n\n<p><strong>Qu\u2019y a-t-il de nouveau ou d\u2019excitant dans votre travail ?<\/strong>Je suis enthousiaste \u00e0 l\u2019id\u00e9e de travailler avec les collectivit\u00e9s de l\u2019Arctique \u00e0 la conception de nouveaux lotissements r\u00e9silients aux changements climatiques.<\/p>\n\n<p><strong>Que souhaitez-vous pour les 100 prochaines ann\u00e9es en mati\u00e8re d\u2019urbanisme ?<\/strong>Que notre d\u00e9sir d\u2019une soci\u00e9t\u00e9 juste et saine s\u2019aligne de plus en plus sur la fa\u00e7on dont nous fa\u00e7onnons nos collectivit\u00e9s.<\/p>\n\n<p><a href=\"https:\/\/www.cip-icu.ca\/Portrait\" target=\"_blank\" rel=\"noreferrer noopener\"><strong><u>Nous voulons c\u00e9l\u00e9brer le travail que VOUS faites pour les communaut\u00e9s partout au Canada. Soumettez votre \u00abportrait de planificateur\u00bb aujourd&#8217;hui! <\/u><\/strong><\/a><\/p>\n","protected":false},"excerpt":{"rendered":"<p>Par: Comit\u00e9 de reconnaissance d&#8217;ICU Domaine urbanistique :Planification de l\u2019utilisation des terres Municipales Racontez-nous quelque chose d\u2019int\u00e9ressant \u00e0 votre sujet : J\u2019ai amorc\u00e9 ma carri\u00e8re&hellip;<\/p>\n","protected":false},"author":14,"featured_media":24356,"comment_status":"closed","ping_status":"closed","sticky":false,"template":"","format":"standard","meta":{"_acf_changed":false,"footnotes":""},"categories":[92],"tags":[104],"class_list":["post-24358","post","type-post","status-publish","format-standard","has-post-thumbnail","hentry","category-blog","tag-soutien-carriere"],"acf":[],"_links":{"self":[{"href":"https:\/\/www.cip-icu.ca\/fr\/wp-json\/wp\/v2\/posts\/24358","targetHints":{"allow":["GET"]}}],"collection":[{"href":"https:\/\/www.cip-icu.ca\/fr\/wp-json\/wp\/v2\/posts"}],"about":[{"href":"https:\/\/www.cip-icu.ca\/fr\/wp-json\/wp\/v2\/types\/post"}],"author":[{"embeddable":true,"href":"https:\/\/www.cip-icu.ca\/fr\/wp-json\/wp\/v2\/users\/14"}],"replies":[{"embeddable":true,"href":"https:\/\/www.cip-icu.ca\/fr\/wp-json\/wp\/v2\/comments?post=24358"}],"version-history":[{"count":1,"href":"https:\/\/www.cip-icu.ca\/fr\/wp-json\/wp\/v2\/posts\/24358\/revisions"}],"predecessor-version":[{"id":24359,"href":"https:\/\/www.cip-icu.ca\/fr\/wp-json\/wp\/v2\/posts\/24358\/revisions\/24359"}],"wp:featuredmedia":[{"embeddable":true,"href":"https:\/\/www.cip-icu.ca\/fr\/wp-json\/wp\/v2\/media\/24356"}],"wp:attachment":[{"href":"https:\/\/www.cip-icu.ca\/fr\/wp-json\/wp\/v2\/media?parent=24358"}],"wp:term":[{"taxonomy":"category","embeddable":true,"href":"https:\/\/www.cip-icu.ca\/fr\/wp-json\/wp\/v2\/categories?post=24358"},{"taxonomy":"post_tag","embeddable":true,"href":"https:\/\/www.cip-icu.ca\/fr\/wp-json\/wp\/v2\/tags?post=24358"}],"curies":[{"name":"wp","href":"https:\/\/api.w.org\/{rel}","templated":true}]}}