{"id":24450,"date":"2020-08-08T06:17:00","date_gmt":"2020-08-08T13:17:00","guid":{"rendered":"https:\/\/www.cip-icu.ca\/blog\/profil-durbaniste-natalie-persaud\/"},"modified":"2023-12-27T06:24:54","modified_gmt":"2023-12-27T14:24:54","slug":"profil-durbaniste-natalie-persaud","status":"publish","type":"post","link":"https:\/\/www.cip-icu.ca\/fr\/blog\/profil-durbaniste-natalie-persaud\/","title":{"rendered":"Profil d\u2019urbaniste : Natalie Persaud"},"content":{"rendered":"\n<p class=\"lede\">Par: Comit\u00e9 de reconnaissance d&#8217;ICU<\/p>\n\n<p><strong>Domaine urbanistique<\/strong> : <strong>Politique \u2014 Planification Communautaire et de Voisinage<\/strong><\/p>\n\n<p><strong>Racontez-nous quelque chose d\u2019int\u00e9ressant \u00e0 votre sujet<\/strong> : Un professeur m\u2019a d\u00e9j\u00e0 dit de renoncer \u00e0 une carri\u00e8re dans l\u2019arm\u00e9e et de m\u2019orienter vers l\u2019urbanisme. Je pratique la profession depuis 2010 et suis MICU et UPC depuis 2015. J\u2019enseigne le yoga et le conditionnement physique, en insistant sur les mouvements conscients et fonctionnels.<\/p>\n\n<p><strong>Qu\u2019y a-t-il de nouveau ou d\u2019excitant dans votre travail ?<\/strong>Le prochain plan officiel ! Nous nous consacrons \u00e0 l\u2019objectif de faire de la ville d\u2019Ottawa la ville de taille moyenne o\u00f9 il fait le mieux vivre en Am\u00e9rique du Nord, en commen\u00e7ant par lui redonner un nouveau look ! <\/p>\n\n<p><strong>Que souhaitez-vous pour les 100 prochaines ann\u00e9es en mati\u00e8re d\u2019urbanisme ?<\/strong>Que nous prenions des risques audacieux et que nous fassions les investissements n\u00e9cessaires pour cr\u00e9er des lieux r\u00e9silients, bien branch\u00e9s et dynamiques.<\/p>\n\n<p><a href=\"https:\/\/www.cip-icu.ca\/Portrait\" target=\"_blank\" rel=\"noreferrer noopener\"><strong><u>Nous voulons c\u00e9l\u00e9brer le travail que VOUS faites pour les communaut\u00e9s partout au Canada. Soumettez votre \u00abportrait de planificateur\u00bb aujourd&#8217;hui! <\/u><\/strong><\/a><\/p>\n","protected":false},"excerpt":{"rendered":"<p>Par: Comit\u00e9 de reconnaissance d&#8217;ICU Domaine urbanistique : Politique \u2014 Planification Communautaire et de Voisinage Racontez-nous quelque chose d\u2019int\u00e9ressant \u00e0 votre sujet : Un professeur&hellip;<\/p>\n","protected":false},"author":14,"featured_media":24448,"comment_status":"closed","ping_status":"closed","sticky":false,"template":"","format":"standard","meta":{"_acf_changed":false,"footnotes":""},"categories":[92],"tags":[104],"class_list":["post-24450","post","type-post","status-publish","format-standard","has-post-thumbnail","hentry","category-blog","tag-soutien-carriere"],"acf":[],"_links":{"self":[{"href":"https:\/\/www.cip-icu.ca\/fr\/wp-json\/wp\/v2\/posts\/24450","targetHints":{"allow":["GET"]}}],"collection":[{"href":"https:\/\/www.cip-icu.ca\/fr\/wp-json\/wp\/v2\/posts"}],"about":[{"href":"https:\/\/www.cip-icu.ca\/fr\/wp-json\/wp\/v2\/types\/post"}],"author":[{"embeddable":true,"href":"https:\/\/www.cip-icu.ca\/fr\/wp-json\/wp\/v2\/users\/14"}],"replies":[{"embeddable":true,"href":"https:\/\/www.cip-icu.ca\/fr\/wp-json\/wp\/v2\/comments?post=24450"}],"version-history":[{"count":1,"href":"https:\/\/www.cip-icu.ca\/fr\/wp-json\/wp\/v2\/posts\/24450\/revisions"}],"predecessor-version":[{"id":24451,"href":"https:\/\/www.cip-icu.ca\/fr\/wp-json\/wp\/v2\/posts\/24450\/revisions\/24451"}],"wp:featuredmedia":[{"embeddable":true,"href":"https:\/\/www.cip-icu.ca\/fr\/wp-json\/wp\/v2\/media\/24448"}],"wp:attachment":[{"href":"https:\/\/www.cip-icu.ca\/fr\/wp-json\/wp\/v2\/media?parent=24450"}],"wp:term":[{"taxonomy":"category","embeddable":true,"href":"https:\/\/www.cip-icu.ca\/fr\/wp-json\/wp\/v2\/categories?post=24450"},{"taxonomy":"post_tag","embeddable":true,"href":"https:\/\/www.cip-icu.ca\/fr\/wp-json\/wp\/v2\/tags?post=24450"}],"curies":[{"name":"wp","href":"https:\/\/api.w.org\/{rel}","templated":true}]}}