{"id":24463,"date":"2020-08-08T06:10:00","date_gmt":"2020-08-08T13:10:00","guid":{"rendered":"https:\/\/www.cip-icu.ca\/blog\/profil-durbaniste-erin-oconnell\/"},"modified":"2023-12-27T06:39:08","modified_gmt":"2023-12-27T14:39:08","slug":"profil-durbaniste-erin-oconnell","status":"publish","type":"post","link":"https:\/\/www.cip-icu.ca\/fr\/blog\/profil-durbaniste-erin-oconnell\/","title":{"rendered":"Profil d\u2019urbaniste : Erin O\u2019Connell"},"content":{"rendered":"\n<p class=\"lede\">Par: Comit\u00e9 de reconnaissance d&#8217;ICU<\/p>\n\n<p><strong>Domaine urbanistique<\/strong> : Examen des projets d\u2019am\u00e9nagement du secteur central de la ville d\u2019Ottawa<\/p>\n\n<p><strong>Racontez-nous quelque chose d\u2019int\u00e9ressant \u00e0 votre sujet<\/strong> : Je me rends au travail \u00e0 v\u00e9lo depuis 2005, avant que cela ne devienne une habitude ou que les pistes cyclables ne fassent leur apparition \u00e0 Ottawa. On a constat\u00e9 d\u2019\u00e9normes am\u00e9liorations depuis lors. <\/p>\n\n<p><strong>Qu\u2019y a-t-il de nouveau ou d\u2019excitant dans votre travail ?<\/strong>On constate un int\u00e9r\u00eat croissant pour la construction de grands immeubles \u00e0 Ottawa et il semble \u00eatre maintenant g\u00e9n\u00e9ralement admis que la hauteur n\u2019est pas n\u00e9cessairement synonyme de d\u00e9sagr\u00e9ment. L\u2019am\u00e9nagement de tels b\u00e2timents implique une perspective de conception de plus en plus sophistiqu\u00e9e. Leur essor r\u00e9cent comprend \u00e9galement une augmentation de la population, des services et des commodit\u00e9s dans les collectivit\u00e9s existantes. <\/p>\n\n<p><strong>Que souhaitez-vous pour les 100 prochaines ann\u00e9es en mati\u00e8re d\u2019urbanisme ?<\/strong>Que le changement soit mieux accept\u00e9 et que les gens s\u2019entendent davantage au sein d\u2019une profession qui suscite souvent le d\u00e9saccord afin d\u2019aborder certains des grands probl\u00e8mes de notre \u00e9poque.<\/p>\n","protected":false},"excerpt":{"rendered":"<p>Par: Comit\u00e9 de reconnaissance d&#8217;ICU Domaine urbanistique : Examen des projets d\u2019am\u00e9nagement du secteur central de la ville d\u2019Ottawa Racontez-nous quelque chose d\u2019int\u00e9ressant \u00e0 votre&hellip;<\/p>\n","protected":false},"author":14,"featured_media":24460,"comment_status":"closed","ping_status":"closed","sticky":false,"template":"","format":"standard","meta":{"_acf_changed":false,"footnotes":""},"categories":[92],"tags":[104],"class_list":["post-24463","post","type-post","status-publish","format-standard","has-post-thumbnail","hentry","category-blog","tag-soutien-carriere"],"acf":[],"_links":{"self":[{"href":"https:\/\/www.cip-icu.ca\/fr\/wp-json\/wp\/v2\/posts\/24463","targetHints":{"allow":["GET"]}}],"collection":[{"href":"https:\/\/www.cip-icu.ca\/fr\/wp-json\/wp\/v2\/posts"}],"about":[{"href":"https:\/\/www.cip-icu.ca\/fr\/wp-json\/wp\/v2\/types\/post"}],"author":[{"embeddable":true,"href":"https:\/\/www.cip-icu.ca\/fr\/wp-json\/wp\/v2\/users\/14"}],"replies":[{"embeddable":true,"href":"https:\/\/www.cip-icu.ca\/fr\/wp-json\/wp\/v2\/comments?post=24463"}],"version-history":[{"count":1,"href":"https:\/\/www.cip-icu.ca\/fr\/wp-json\/wp\/v2\/posts\/24463\/revisions"}],"predecessor-version":[{"id":24464,"href":"https:\/\/www.cip-icu.ca\/fr\/wp-json\/wp\/v2\/posts\/24463\/revisions\/24464"}],"wp:featuredmedia":[{"embeddable":true,"href":"https:\/\/www.cip-icu.ca\/fr\/wp-json\/wp\/v2\/media\/24460"}],"wp:attachment":[{"href":"https:\/\/www.cip-icu.ca\/fr\/wp-json\/wp\/v2\/media?parent=24463"}],"wp:term":[{"taxonomy":"category","embeddable":true,"href":"https:\/\/www.cip-icu.ca\/fr\/wp-json\/wp\/v2\/categories?post=24463"},{"taxonomy":"post_tag","embeddable":true,"href":"https:\/\/www.cip-icu.ca\/fr\/wp-json\/wp\/v2\/tags?post=24463"}],"curies":[{"name":"wp","href":"https:\/\/api.w.org\/{rel}","templated":true}]}}