{"id":24469,"date":"2020-08-08T06:05:00","date_gmt":"2020-08-08T13:05:00","guid":{"rendered":"https:\/\/www.cip-icu.ca\/blog\/profil-durbaniste-kenneth-melanson-ville-de-saint-john\/"},"modified":"2023-12-27T07:15:43","modified_gmt":"2023-12-27T15:15:43","slug":"profil-durbaniste-kenneth-melanson-ville-de-saint-john","status":"publish","type":"post","link":"https:\/\/www.cip-icu.ca\/fr\/blog\/profil-durbaniste-kenneth-melanson-ville-de-saint-john\/","title":{"rendered":"Profil d\u2019urbaniste : Kenneth Melanson\/ Ville de Saint John"},"content":{"rendered":"\n<p class=\"lede\">Par: Comit\u00e9 de reconnaissance d&#8217;ICU<\/p>\n\n<p><strong>Domaine urbanistique<\/strong> : Administration Municipale \u2014 Planification Communautaire<\/p>\n\n<p><strong>Racontez-nous quelque chose d\u2019int\u00e9ressant \u00e0 votre sujet :<\/strong> Urbaniste professionnel cumulant 15 ans d\u2019exp\u00e9rience au sein de diverses administrations municipales dans le domaine de la planification et de l\u2019\u00e9laboration de politiques communautaires. Recrut\u00e9 pour aider l\u2019ICU \u00e0 la conf\u00e9rence ICU\/APPI 2017 \u00e0 Calgary \u00e0 titre de copr\u00e9sident du comit\u00e9 directeur de l\u2019\u00e9v\u00e9nement. Honor\u00e9 d\u2019avoir \u00e9t\u00e9 choisi pour copr\u00e9sider la conf\u00e9rence du centenaire de l\u2019ICU de 2019 \u00e0 Ottawa.  <\/p>\n\n<p><strong>Qu\u2019y a-t-il de nouveau ou d\u2019excitant dans votre travail ? <\/strong>Je viens tout juste d\u2019\u00eatre nomm\u00e9 directeur de l\u2019urbanisme \u00e0 la ville de Saint John \u2014 un nouveau r\u00f4le avec lequel je m\u2019affaire encore \u00e0 me familiariser.<strong><\/strong><\/p>\n\n<p><strong>Que souhaitez-vous pour les 100 prochaines ann\u00e9es en mati\u00e8re d\u2019urbanisme ? <\/strong>Que l\u2019urbanisme prenne de l\u2019ampleur et \u00e9volue pour devenir un \u00e9l\u00e9ment plus inclusif dans l\u2019orientation du d\u00e9veloppement urbain et communautaire. Que nous commencions \u00e0 inclure plus d\u2019\u00e9l\u00e9ments sociaux dans notre pratique (nous le faisons d\u00e9j\u00e0, car certaines communaut\u00e9s se concentrent d\u00e9j\u00e0 sur la croissance d\u00e9mographique et sur l\u2019attraction et la r\u00e9tention des immigrants) et que nous travaillions \u00e0 \u00e9tablir davantage de partenariats avec d\u2019autres organismes comme les architectes professionnels, la planification des transports et d\u2019autres pour organiser des \u00e9v\u00e9nements ou conf\u00e9rences de groupe sur l\u2019am\u00e9nagement urbain. <\/p>\n","protected":false},"excerpt":{"rendered":"<p>Par: Comit\u00e9 de reconnaissance d&#8217;ICU Domaine urbanistique : Administration Municipale \u2014 Planification Communautaire Racontez-nous quelque chose d\u2019int\u00e9ressant \u00e0 votre sujet : Urbaniste professionnel cumulant 15&hellip;<\/p>\n","protected":false},"author":14,"featured_media":24466,"comment_status":"closed","ping_status":"closed","sticky":false,"template":"","format":"standard","meta":{"_acf_changed":false,"footnotes":""},"categories":[92],"tags":[104],"class_list":["post-24469","post","type-post","status-publish","format-standard","has-post-thumbnail","hentry","category-blog","tag-soutien-carriere"],"acf":[],"_links":{"self":[{"href":"https:\/\/www.cip-icu.ca\/fr\/wp-json\/wp\/v2\/posts\/24469","targetHints":{"allow":["GET"]}}],"collection":[{"href":"https:\/\/www.cip-icu.ca\/fr\/wp-json\/wp\/v2\/posts"}],"about":[{"href":"https:\/\/www.cip-icu.ca\/fr\/wp-json\/wp\/v2\/types\/post"}],"author":[{"embeddable":true,"href":"https:\/\/www.cip-icu.ca\/fr\/wp-json\/wp\/v2\/users\/14"}],"replies":[{"embeddable":true,"href":"https:\/\/www.cip-icu.ca\/fr\/wp-json\/wp\/v2\/comments?post=24469"}],"version-history":[{"count":1,"href":"https:\/\/www.cip-icu.ca\/fr\/wp-json\/wp\/v2\/posts\/24469\/revisions"}],"predecessor-version":[{"id":24470,"href":"https:\/\/www.cip-icu.ca\/fr\/wp-json\/wp\/v2\/posts\/24469\/revisions\/24470"}],"wp:featuredmedia":[{"embeddable":true,"href":"https:\/\/www.cip-icu.ca\/fr\/wp-json\/wp\/v2\/media\/24466"}],"wp:attachment":[{"href":"https:\/\/www.cip-icu.ca\/fr\/wp-json\/wp\/v2\/media?parent=24469"}],"wp:term":[{"taxonomy":"category","embeddable":true,"href":"https:\/\/www.cip-icu.ca\/fr\/wp-json\/wp\/v2\/categories?post=24469"},{"taxonomy":"post_tag","embeddable":true,"href":"https:\/\/www.cip-icu.ca\/fr\/wp-json\/wp\/v2\/tags?post=24469"}],"curies":[{"name":"wp","href":"https:\/\/api.w.org\/{rel}","templated":true}]}}