{"id":24961,"date":"2024-02-05T05:00:00","date_gmt":"2024-02-05T13:00:00","guid":{"rendered":"https:\/\/www.cip-icu.ca\/?p=24961"},"modified":"2024-02-06T13:46:44","modified_gmt":"2024-02-06T21:46:44","slug":"equite-diversite-et-inclusion-comment-les-urbanistes-peuvent-contribuer-a-un-avenir-meilleur","status":"publish","type":"post","link":"https:\/\/www.cip-icu.ca\/fr\/blog\/equite-diversite-et-inclusion-comment-les-urbanistes-peuvent-contribuer-a-un-avenir-meilleur\/","title":{"rendered":"\u00c9quit\u00e9, diversit\u00e9 et inclusion : comment les urbanistes peuvent contribuer \u00e0 un avenir meilleur"},"content":{"rendered":"\n<h2 class=\"wp-block-heading\"><strong>L&#8217;\u00e9quit\u00e9, la diversit\u00e9 et l&#8217;inclusion sont importantes pour les urbanistes.<\/strong><\/h2>\n\n\n\n<p class=\"lede\">La diversit\u00e9 du Canada demeure l&#8217;une de ses plus grandes forces. Comme l&#8217;indique le <a href=\"https:\/\/www.cip-icu.ca\/fr\/plan-strategique-et-impact\/\">plan strat\u00e9gique de l&#8217;ICU, <em>1 835 jours d&#8217;impact<\/em><\/a>, nous envisageons un avenir dans lequel la profession d&#8217;urbaniste contribue \u00e0 soutenir des communaut\u00e9s inclusives et dynamiques. Pour r\u00e9aliser cette vision, nous nous effor\u00e7ons de promouvoir les principes d&#8217;\u00e9quit\u00e9, de diversit\u00e9 et d&#8217;inclusion, tant \u00e0 l&#8217;int\u00e9rieur qu&#8217;\u00e0 l&#8217;ext\u00e9rieur de l&#8217;\u00e9cosyst\u00e8me de l\u2019urbanisme.<\/p>\n\n\n\n<p>Les r\u00e9sultats de notre <a href=\"https:\/\/www.cip-icu.ca\/wp-content\/uploads\/2023\/12\/202310newBranding_Equity-Diversity-Inclusion-Insight-Survey.pdf\"><em>Enqu\u00eate sur l&#8217;\u00e9quit\u00e9, la diversit\u00e9 et l&#8217;inclusion<\/em><\/a><em> <\/em>ont jou\u00e9 un r\u00f4le formateur dans notre strat\u00e9gie. Les r\u00e9actions de nos membres nous ont montr\u00e9 qu&#8217;il subsiste des lacunes importantes dans le sens de la diversit\u00e9 et de l&#8217;inclusion de la profession d&#8217;urbaniste.<\/p>\n\n\n\n<p>Nous soutenons une profession d&#8217;urbaniste au Canada qui est v\u00e9ritablement repr\u00e9sentative de la soci\u00e9t\u00e9 dans laquelle elle travaille, et nous reconnaissons que nos actions en tant qu&#8217;organisation et profession peuvent avoir un impact durable sur les communaut\u00e9s. En nous appuyant sur nos valeurs d&#8217;<strong>\u00e9claireurs agiles<\/strong> et de <strong>mobilisation inclusive<\/strong>, nous recherchons en permanence des opportunit\u00e9s pour construire un avenir plus lumineux et plus \u00e9quitable.<\/p>\n\n\n\n<div class=\"wp-block-columns is-layout-flex wp-container-core-columns-is-layout-9d6595d7 wp-block-columns-is-layout-flex\">\n<div class=\"wp-block-column is-layout-flow wp-block-column-is-layout-flow\" style=\"flex-basis:33.33%\">\n<figure class=\"wp-block-image size-large\"><img loading=\"lazy\" decoding=\"async\" width=\"1296\" height=\"864\" src=\"https:\/\/www.cip-icu.ca\/wp-content\/uploads\/2024\/01\/agile-wayfinding-1296x864.png\" alt=\"\" class=\"wp-image-24887\" srcset=\"https:\/\/www.cip-icu.ca\/wp-content\/uploads\/2024\/01\/agile-wayfinding-1296x864.png 1296w, https:\/\/www.cip-icu.ca\/wp-content\/uploads\/2024\/01\/agile-wayfinding-636x424.png 636w, https:\/\/www.cip-icu.ca\/wp-content\/uploads\/2024\/01\/agile-wayfinding-768x512.png 768w, https:\/\/www.cip-icu.ca\/wp-content\/uploads\/2024\/01\/agile-wayfinding-1536x1024.png 1536w, https:\/\/www.cip-icu.ca\/wp-content\/uploads\/2024\/01\/agile-wayfinding-720x480.png 720w, https:\/\/www.cip-icu.ca\/wp-content\/uploads\/2024\/01\/agile-wayfinding.png 1920w\" sizes=\"auto, (max-width: 1296px) 100vw, 1296px\" \/><\/figure>\n\n\n\n<div style=\"height:20px\" aria-hidden=\"true\" class=\"wp-block-spacer\"><\/div>\n\n\n\n<figure class=\"wp-block-image size-large\"><img loading=\"lazy\" decoding=\"async\" width=\"1296\" height=\"864\" src=\"https:\/\/www.cip-icu.ca\/wp-content\/uploads\/2024\/01\/inclusive-mobilization-1296x864.png\" alt=\"\" class=\"wp-image-24889\" srcset=\"https:\/\/www.cip-icu.ca\/wp-content\/uploads\/2024\/01\/inclusive-mobilization-1296x864.png 1296w, https:\/\/www.cip-icu.ca\/wp-content\/uploads\/2024\/01\/inclusive-mobilization-636x424.png 636w, https:\/\/www.cip-icu.ca\/wp-content\/uploads\/2024\/01\/inclusive-mobilization-768x512.png 768w, https:\/\/www.cip-icu.ca\/wp-content\/uploads\/2024\/01\/inclusive-mobilization-1536x1024.png 1536w, https:\/\/www.cip-icu.ca\/wp-content\/uploads\/2024\/01\/inclusive-mobilization-720x480.png 720w, https:\/\/www.cip-icu.ca\/wp-content\/uploads\/2024\/01\/inclusive-mobilization.png 1920w\" sizes=\"auto, (max-width: 1296px) 100vw, 1296px\" \/><\/figure>\n<\/div>\n\n\n\n<div class=\"wp-block-column is-layout-flow wp-block-column-is-layout-flow\" style=\"flex-basis:66.66%\">\n<h3 class=\"wp-block-heading\"><mark style=\"background-color:rgba(0, 0, 0, 0)\" class=\"has-inline-color has-blue-2-color\">Les \u00e9claireurs agiles<\/mark><\/h3>\n\n\n\n<p>Nous surveillons constamment nos progr\u00e8s et la voie \u00e0 suivre. Nous utilisons un syst\u00e8me d&#8217;orientation intelligent pour nous arr\u00eater, \u00e9valuer et mesurer les r\u00e9sultats afin d&#8217;apprendre et de nous am\u00e9liorer. Il ne s&#8217;agit pas de perfection, mais de progr\u00e8s.<\/p>\n\n\n\n<h3 class=\"wp-block-heading\"><mark style=\"background-color:rgba(0, 0, 0, 0)\" class=\"has-inline-color has-darkorange-color\">Mobilisation inclusive<\/mark><\/h3>\n\n\n\n<p>Nous accueillons, \u00e9coutons et amplifions des voix et des efforts divers \u00e0 travers le Canada. En rassemblant les personnes et les partenaires et en tirant parti de nos connaissances strat\u00e9giques, nous contribuons \u00e0 allumer et \u00e0 alimenter le feu pour tous.<\/p>\n<\/div>\n<\/div>\n\n\n\n<h2 class=\"wp-block-heading\"><strong>Contributions de l\u2019ICU \u00e0 l&#8217;\u00e9quit\u00e9, \u00e0 la diversit\u00e9 et \u00e0 l&#8217;inclusion<\/strong><\/h2>\n\n\n\n<p>L&#8217;ICU aspire \u00e0 \u00eatre une voix fiable pour l&#8217;\u00e9quit\u00e9, la diversit\u00e9 et l&#8217;inclusion (EDI) pour la communaut\u00e9 des urbanistes du Canada. Bien que nos actions en mati\u00e8re d&#8217;EDI se situent \u00e0 plusieurs niveaux, elles peuvent \u00eatre rattach\u00e9es \u00e0 trois groupes diff\u00e9rents :<\/p>\n\n\n\n<ul class=\"wp-block-list\">\n<li>Dirigeants : La direction de l\u2019organisation refl\u00e8te la diversit\u00e9 de nos collectivit\u00e9s<\/li>\n\n\n\n<li>Membres : Un milieu de travail et des pratiques professionnelles inclusives en urbanisme<\/li>\n\n\n\n<li>Collectivit\u00e9s : D\u00e9fense de l\u2019\u00e9quit\u00e9 sociale et de l\u2019inclusion dans l\u2019am\u00e9nagement de collectivit\u00e9s diversifi\u00e9es<\/li>\n<\/ul>\n\n\n\n<h2 class=\"wp-block-heading\"><strong>Dirigeants : refl\u00e9tant la diversit\u00e9 de nos collectivit\u00e9s au sein de la direction de l&#8217;Institut<\/strong><\/h2>\n\n\n\n<figure class=\"wp-block-image size-large\"><img loading=\"lazy\" decoding=\"async\" width=\"1296\" height=\"378\" src=\"https:\/\/www.cip-icu.ca\/wp-content\/uploads\/2024\/02\/EDI-blog-Leaders-FR-1296x378.png\" alt=\"\" class=\"wp-image-25296\" srcset=\"https:\/\/www.cip-icu.ca\/wp-content\/uploads\/2024\/02\/EDI-blog-Leaders-FR-1296x378.png 1296w, https:\/\/www.cip-icu.ca\/wp-content\/uploads\/2024\/02\/EDI-blog-Leaders-FR-636x185.png 636w, https:\/\/www.cip-icu.ca\/wp-content\/uploads\/2024\/02\/EDI-blog-Leaders-FR-768x224.png 768w, https:\/\/www.cip-icu.ca\/wp-content\/uploads\/2024\/02\/EDI-blog-Leaders-FR-1536x448.png 1536w, https:\/\/www.cip-icu.ca\/wp-content\/uploads\/2024\/02\/EDI-blog-Leaders-FR.png 1750w\" sizes=\"auto, (max-width: 1296px) 100vw, 1296px\" \/><\/figure>\n\n\n\n<p>La <a href=\"https:\/\/www.cip-icu.ca\/wp-content\/uploads\/2023\/12\/EDI-Roadmap-English-202310.pdf\">Feuille de route<\/a> de l&#8217;ICU en mati\u00e8re d&#8217;\u00e9quit\u00e9, de diversit\u00e9 et d&#8217;inclusion est un outil cl\u00e9 pour guider notre travail. Adopt\u00e9e en 2020, cette feuille de route guide notre action dans quatre domaines fondamentaux : l&#8217;engagement des leaders, l&#8217;\u00e9ducation et la communication, les changements syst\u00e9miques et le soutien. En mettant l&#8217;accent sur le conseil d&#8217;administration et l\u2019\u00e9quipe de direction de l\u2019ICU et en encourageant la collaboration avec d&#8217;autres leaders de l&#8217;industrie, cette feuille de route a permis d&#8217;int\u00e9grer les principes de l&#8217;EDI dans tous nos processus organisationnels et de refl\u00e9ter les perspectives et les priorit\u00e9s de nos membres.<\/p>\n\n\n\n<p>En tant que fier signataire du <a href=\"https:\/\/ised-isde.canada.ca\/site\/ised\/en\/50-30-challenge-your-diversity-advantage\">D\u00e9fi 50-30<\/a> du gouvernement du Canada, l&#8217;ICU s&#8217;est engag\u00e9 \u00e0 atteindre la parit\u00e9 hommes-femmes et une repr\u00e9sentation significative des groupes m\u00e9ritant l&#8217;\u00e9quit\u00e9 au sein de son conseil d&#8217;administration et de son \u00e9quipe de direction. Notre participation au D\u00e9fi garantit que nous donnons la priorit\u00e9 \u00e0 l&#8217;inclusion dans toutes les d\u00e9cisions strat\u00e9giques.<strong><\/strong><\/p>\n\n\n\n<p>En 2023, Beth McMahon, PDG de l&#8217;ICU, a \u00e9t\u00e9 invit\u00e9e \u00e0 rejoindre le comit\u00e9 technique f\u00e9d\u00e9ral du D\u00e9fi 50-30, afin d&#8217;aider \u00e0 orienter les exigences en mati\u00e8re de mesures et d&#8217;outils de mesure n\u00e9cessaires pour certifier les signataires conformes. Ce comit\u00e9 a offert la possibilit\u00e9 d&#8217;\u00e9tendre nos actions EDI au-del\u00e0 de la profession d\u2019urbaniste, en aidant \u00e0 garantir que les organisations de tous les domaines puissent relever le d\u00e9fi.<\/p>\n\n\n\n<p>Depuis 2019, tous les membres du personnel sont tenus de suivre la formation <a href=\"https:\/\/women-gender-equality.canada.ca\/en\/gender-based-analysis-plus.html\">Analyse comparative entre les sexes plus<\/a> (ACS Plus) propos\u00e9e par le gouvernement f\u00e9d\u00e9ral et, en 2023, cet engagement a \u00e9t\u00e9 \u00e9tendu au conseil d&#8217;administration. Cette formation permet de s&#8217;assurer que les politiques, les programmes et les initiatives de l\u2019ICU sont examin\u00e9s dans une optique qui reconna\u00eet que les femmes, les hommes et les personnes issues de la diversit\u00e9 de genre peuvent les vivre diff\u00e9remment.<\/p>\n\n\n\n<h2 class=\"wp-block-heading\"><strong>Membres : soutenant<\/strong> <strong>les pratiques de travail et d&#8217;urbanisme inclusives<\/strong><\/h2>\n\n\n\n<figure class=\"wp-block-image size-large\"><img loading=\"lazy\" decoding=\"async\" width=\"1296\" height=\"378\" src=\"https:\/\/www.cip-icu.ca\/wp-content\/uploads\/2024\/02\/EDI-blog-Members-FR-1296x378.png\" alt=\"\" class=\"wp-image-25298\" srcset=\"https:\/\/www.cip-icu.ca\/wp-content\/uploads\/2024\/02\/EDI-blog-Members-FR-1296x378.png 1296w, https:\/\/www.cip-icu.ca\/wp-content\/uploads\/2024\/02\/EDI-blog-Members-FR-636x185.png 636w, https:\/\/www.cip-icu.ca\/wp-content\/uploads\/2024\/02\/EDI-blog-Members-FR-768x224.png 768w, https:\/\/www.cip-icu.ca\/wp-content\/uploads\/2024\/02\/EDI-blog-Members-FR-1536x448.png 1536w, https:\/\/www.cip-icu.ca\/wp-content\/uploads\/2024\/02\/EDI-blog-Members-FR.png 1750w\" sizes=\"auto, (max-width: 1296px) 100vw, 1296px\" \/><\/figure>\n\n\n\n<p>L&#8217;un des aspects de notre approche de la promotion de l&#8217;\u00e9quit\u00e9, de la diversit\u00e9 et de l&#8217;inclusion est la reconnaissance du fait que les \u00e9tudiants en urbanisme continuent \u00e0 faire progresser la profession et qu&#8217;il est essentiel de cr\u00e9er des espaces et des opportunit\u00e9s pour leur permettre de r\u00e9ussir.<\/p>\n\n\n\n<p>Pour concr\u00e9tiser cet engagement, nous sommes fiers de financer la Bourse d\u2019impact sur la diversit\u00e9 de l\u2019ICU, administr\u00e9e par le <a href=\"https:\/\/www.cip-pstf.ca\/\">Fonds en fid\u00e9icommis pour \u00e9tudiants en urbanisme et am\u00e9nagement de l\u2019ICU<\/a> (FFEUA-ICU), qui aide les \u00e9tudiants noirs et autres \u00e9tudiants de couleur \u00e0 entrer dans la profession d\u2019urbaniste. Sa cr\u00e9ation a \u00e9galement inspir\u00e9 un nouveau financement pour la Bourse d&#8217;impact sur la diversit\u00e9 de la Fondation Ages, un don de cinq ans d&#8217;une valeur de 25 000 dollars. Gr\u00e2ce \u00e0 ces investissements, nous nous effor\u00e7ons d&#8217;encourager la diversit\u00e9 au sein de la profession pour les g\u00e9n\u00e9rations \u00e0 venir.<\/p>\n\n\n\n<p>Notre engagement envers la DEI guide \u00e9galement le d\u00e9veloppement de nos conf\u00e9rences nationales. Avec le soutien g\u00e9n\u00e9reux de <a href=\"https:\/\/www.urbanstrategies.com\/\">Urban Strategies Inc<\/a>, nous avons lanc\u00e9 le <a href=\"https:\/\/site.pheedloop.com\/event\/connection2024\/registration\/inclusionfund\">Fonds d&#8217;inclusion<\/a>, qui a offert \u00e0 25 candidats issus d&#8217;un groupe d\u00e9favoris\u00e9 la possibilit\u00e9 de participer \u00e0 <em>Navigation 2023<\/em> sans frais d&#8217;inscription. Nous sommes heureux de proposer \u00e0 nouveau le Fonds d&#8217;inclusion pour notre conf\u00e9rence de 2024, <a href=\"https:\/\/site.pheedloop.com\/event\/connection2024\/home\/\">CONNECTION<\/a>. En outre, nous offrons des options de participation \u00e0 la conf\u00e9rence en personne et virtuelle, reconnaissant qu&#8217;un mod\u00e8le hybride honore les principes d&#8217;accessibilit\u00e9 et de soins communautaires. L&#8217;ICU a \u00e9galement pris des mesures pour assurer une plus grande diversit\u00e9 dans la programmation des conf\u00e9rences, avec l&#8217;inclusion de spectacles culturels et d&#8217;autres s\u00e9ances lors de conf\u00e9rences r\u00e9centes (telles que <a href=\"https:\/\/www.cip-icu.ca\/learning-hub\/navigation-2023-key-01-from-africville-to-beechville-recasting-planning-to-foster-equity-diversity-and-inclusion\/\">\u00ab From Africville to Beechville \u2013 Recasting Planning to foster Equity, Diversity, and Inclusion \u00bb<\/a>) qui se concentrent sur le r\u00f4le de la profession d\u2019urbaniste dans la promotion d&#8217;un avenir \u00e9quitable.<\/p>\n\n\n\n<p>Plus r\u00e9cemment, la publication des r\u00e9sultats de l\u2019<a href=\"https:\/\/www.cip-icu.ca\/fr\/actualites\/2023-canadian-professional-planners-national-employment-survey-report\/\"><em>Enqu\u00eate nationale sur l&#8217;emploi des urbanistes professionnels canadiens 2023<\/em><\/a> refl\u00e8te notre d\u00e9termination \u00e0 soutenir la DEI dans l&#8217;ensemble de l&#8217;\u00e9cosyst\u00e8me de l\u2019urbanisme. Gr\u00e2ce \u00e0 la participation de plus de 1 700 membres, l&#8217;ICU et les <a href=\"https:\/\/www.cip-icu.ca\/fr\/instituts-et-associations-professionnels-et-territoriaux-ptia\/\">Instituts et associations provinciaux et territoriaux<\/a> (IAPT) disposent maintenant de donn\u00e9es actualis\u00e9es sur la repr\u00e9sentation et les disparit\u00e9s salariales au sein de l&#8217;urbanisme, qui serviront de base \u00e0 nos initiatives futures. En partageant ces informations avec nos membres, nous nous assurons qu&#8217;ils sont mieux \u00e9quip\u00e9s pour progresser dans leur carri\u00e8re.<\/p>\n\n\n\n<h2 class=\"wp-block-heading\"><strong>Communaut\u00e9s : d\u00e9fendant l&#8217;\u00e9quit\u00e9 sociale dans l&#8217;am\u00e9nagement de collectivit\u00e9s diversifi\u00e9es<\/strong><\/h2>\n\n\n\n<figure class=\"wp-block-image size-large\"><img loading=\"lazy\" decoding=\"async\" width=\"1296\" height=\"378\" src=\"https:\/\/www.cip-icu.ca\/wp-content\/uploads\/2024\/02\/EDI-blog-Communities-FR-1296x378.png\" alt=\"\" class=\"wp-image-25300\" srcset=\"https:\/\/www.cip-icu.ca\/wp-content\/uploads\/2024\/02\/EDI-blog-Communities-FR-1296x378.png 1296w, https:\/\/www.cip-icu.ca\/wp-content\/uploads\/2024\/02\/EDI-blog-Communities-FR-636x185.png 636w, https:\/\/www.cip-icu.ca\/wp-content\/uploads\/2024\/02\/EDI-blog-Communities-FR-768x224.png 768w, https:\/\/www.cip-icu.ca\/wp-content\/uploads\/2024\/02\/EDI-blog-Communities-FR-1536x448.png 1536w, https:\/\/www.cip-icu.ca\/wp-content\/uploads\/2024\/02\/EDI-blog-Communities-FR.png 1750w\" sizes=\"auto, (max-width: 1296px) 100vw, 1296px\" \/><\/figure>\n\n\n\n<p>Conscients que les urbanistes fa\u00e7onnent les communaut\u00e9s qu&#8217;ils servent et que les pratiques d&#8217;urbanisme ont historiquement contribu\u00e9 \u00e0 l&#8217;injustice \u00e0 l&#8217;\u00e9gard des personnes marginalis\u00e9es, nous nous effor\u00e7ons de plaider en faveur du changement et de promouvoir des espaces s\u00e9cures et inclusifs pour tous.<\/p>\n\n\n\n<p>Gr\u00e2ce \u00e0 ses partenariats, l\u2019ICU participe \u00e0 des conversations nationales et internationales sur la cr\u00e9ation et le maintien de communaut\u00e9s \u00e9quitables. Nous avons r\u00e9cemment donn\u00e9 notre avis sur le tableau de bord de l&#8217;accessibilit\u00e9 de <a href=\"https:\/\/mobilizingjustice.ca\/\">Mobilizing Justice<\/a>, qui \u00e9value les environnements urbains et fournit une comparaison des niveaux d&#8217;accessibilit\u00e9 entre l&#8217;ensemble de la population et les diff\u00e9rents groupes m\u00e9ritant l&#8217;\u00e9quit\u00e9. En reconnaissance continue du groupe de travail sur le racisme anti-noir dans l\u2019urbanisme de l&#8217;<a href=\"https:\/\/ontarioplanners.ca\/home\">Institut des planificateurs professionnels de l\u2019Ontario<\/a> (IPPO) et de son <a href=\"https:\/\/ontarioplanners.ca\/OPPIAssets\/Documents\/Become-an-RPP\/Final-ABRPTF-Report-to-Council.pdf\">rapport<\/a> de 2021, le PDG de l&#8217;ICU a particip\u00e9 \u00e0 la r\u00e9union 2023 dont l\u2019objectif \u00e9tait de s\u2019assembler pour \u00e9couter, apprendre et soutenir les urbanistes et les communaut\u00e9s noires \u00e0 travers le Canada.<\/p>\n\n\n\n<p>L\u2019ICU collabore \u00e9galement avec les IAPT pour d\u00e9fendre les principes d&#8217;\u00e9quit\u00e9, de diversit\u00e9 et d&#8217;inclusion. Pour c\u00e9l\u00e9brer le Mois de l&#8217;histoire des Noirs en 2023, l\u2019ICU et les IAPT ont publi\u00e9 une <a href=\"https:\/\/www.cip-icu.ca\/fr\/actualites\/declaration-commune-sur-le-mois-de-lhistoire-des-noirs-2023\/\">d\u00e9claration commune<\/a> et se sont associ\u00e9s \u00e0 l&#8217;OPPI et \u00e0 la <a href=\"https:\/\/www.blackplanners.ca\/\">Black Planners and Urbanists Association<\/a> pour le webinaire \u00ab <a href=\"https:\/\/www.cip-icu.ca\/Learning-Hub\/Video\/-Inhibited-Growth-Examining-Public-Investment-Gap\">Croissance inhib\u00e9e : examen des lacunes en mati\u00e8re d&#8217;investissement public dans les besoins en infrastructures des Noirs<\/a> \u00bb.<\/p>\n\n\n\n<p>De plus, l&#8217;ICU a <a href=\"https:\/\/www.cip-icu.ca\/fr\/actualites\/adopter-lequite-entre-les-sexes-365-jours-par-an-lengagement-de-linstitut-canadien-des-urbanistes-en-faveur-dune-planification-plus-equitable-ensemble\/#.ZAiYihXMKUk\">c\u00e9l\u00e9br\u00e9<\/a> la Journ\u00e9e internationale de la femme en partageant des t\u00e9moignages d&#8217;urbanistes \u00e0 travers le pays. Ces initiatives ont renforc\u00e9 le r\u00f4le de la profession d&#8217;urbaniste dans la promotion de l&#8217;\u00e9quit\u00e9 pour les femmes et les personnes issues de la diversit\u00e9 des genres. Nous avons \u00e9galement comm\u00e9mor\u00e9 le Mois de la fiert\u00e9 en publiant un <a href=\"https:\/\/www.cip-icu.ca\/fr\/blog\/celebrez-la-fierte-cet-ete\/\">message sur notre blogue<\/a> qui reconna\u00eet la n\u00e9cessit\u00e9 pour les urbanistes de cr\u00e9er des espaces s\u00e9curis\u00e9s et inclusifs.<\/p>\n\n\n\n<h2 class=\"wp-block-heading\"><strong>R\u00e9conciliation : pourquoi les urbanistes sont essentiels dans ce voyage<\/strong><\/h2>\n\n\n\n<p>Nos actions en faveur de l&#8217;\u00e9quit\u00e9, de la diversit\u00e9 et de l&#8217;inclusion impliquent la reconnaissance du fait que la profession d&#8217;urbaniste est li\u00e9e au processus de r\u00e9conciliation. L&#8217;ICU s&#8217;efforce de faire progresser les efforts de r\u00e9conciliation, en envisageant un avenir dans lequel la r\u00e9conciliation est int\u00e9gr\u00e9e de mani\u00e8re significative dans les pratiques d\u2019urbanisme et o\u00f9 les urbanistes \u00e9tablissent des relations respectueuses avec les peuples indig\u00e8nes.<\/p>\n\n\n\n<p>Pour en savoir plus sur la mani\u00e8re dont l\u2019ICU a agi en faveur de la r\u00e9conciliation, veuillez lire <a href=\"https:\/\/www.cip-icu.ca\/fr\/blog\/reconciliation-pourquoi-les-planificateurs-sont-essentiels-dans-ce-voyage\/\"><em>R\u00e9conciliation : pourquoi les urbanistes sont essentiels dans ce voyage<\/em><\/a>.<\/p>\n\n\n\n<h2 class=\"wp-block-heading\"><strong>Poursuivre nos engagements<\/strong><\/h2>\n\n\n\n<p>Pour ce qui est de l&#8217;avenir, l&#8217;ICU reste fermement d\u00e9termin\u00e9 \u00e0 soutenir les initiatives en faveur de l&#8217;\u00e9quit\u00e9, de la diversit\u00e9 et de l&#8217;inclusion, tant au sein de la profession d&#8217;urbaniste qu&#8217;en dehors de celle-ci.<\/p>\n\n\n\n<p>Nous sommes ravis de nous associer \u00e0 <a href=\"https:\/\/www.jaypitter.com\/\">Jay Pitter Placemaking<\/a>, \u00e0 l&#8217;<a href=\"https:\/\/www.yorku.ca\/research\/isr\/\">Institute for Social Research<\/a> de l&#8217;Universit\u00e9 York et \u00e0 d&#8217;autres fondations communautaires dans le cadre de la prochaine enqu\u00eate Being Black in Public. Les donn\u00e9es qui en r\u00e9sulteront seront utiles aux urbanistes dans leurs efforts pour servir des communaut\u00e9s diverses d&#8217;un oc\u00e9an \u00e0 l&#8217;autre.<\/p>\n\n\n\n<p>Nous collaborons aussi \u00e0 plusieurs webinaires \u00e0 venir qui se concentrent sur l&#8217;importance de faire progresser l&#8217;\u00e9quit\u00e9, la diversit\u00e9 et l&#8217;inclusion au sein de la profession d&#8217;urbaniste et des communaut\u00e9s desservies. Il s&#8217;agit notamment de \u00ab Equity in Motion &#8211; Promising Practices for Advancing Sustainable Transportation Equity in Canadian Cities \u00bb avec <a href=\"https:\/\/equipeinteract.ca\/\" data-type=\"link\" data-id=\"https:\/\/equipeinteract.ca\/\">INTERACT<\/a> le mercredi 28 f\u00e9vrier, \u00ab Transportation Equity Dashboard \u00bb avec <a href=\"https:\/\/mobilizingjustice.ca\/\">Mobilizing Justice<\/a> le jeudi 23 mai, et \u00ab Labo d&#8217;urbanisme : La capitale inclusive \u00bb avec la <a href=\"https:\/\/ccn-ncc.gc.ca\/\">Commission de la capitale nationale<\/a> le jeudi 13 juin.<\/p>\n\n\n\n<p>L\u2019ICU lancera \u00e9galement l&#8217;\u00e9dition 2024 de l&#8217;<a href=\"https:\/\/www.cip-icu.ca\/wp-content\/uploads\/2023\/12\/202310newBranding_Sondage-sur-lequite-la-diversite-et-linclusion.pdf\">Enqu\u00eate sur l&#8217;inclusion de l\u2019EDI<\/a> dans les semaines \u00e0 venir. Cela nous permettra de continuer \u00e0 suivre nos progr\u00e8s et d&#8217;identifier les prochaines \u00e9tapes dans le cadre de notre travail continu visant \u00e0 instaurer une profession et un monde plus \u00e9quitables, plus diversifi\u00e9s et plus inclusifs. Nous vous encourageons \u00e0 suivre nos plateformes de m\u00e9dias sociaux pour rester inform\u00e9s sur ce projet.<\/p>\n\n\n\n<div style=\"height:40px\" aria-hidden=\"true\" class=\"wp-block-spacer\"><\/div>\n\n\n\n<div class=\"wp-block-buttons is-content-justification-center is-layout-flex wp-container-core-buttons-is-layout-16018d1d wp-block-buttons-is-layout-flex\">\n<div class=\"wp-block-button is-style-outline is-style-outline--1\"><a class=\"wp-block-button__link wp-element-button\" href=\"https:\/\/www.cip-icu.ca\/fr\/blog\/365-jours-dimpact-et-de-comptage-celebration-de-lannee-du-plan-strategique-de-licu\/\"><strong>Pour en savoir plus sur notre plan strat\u00e9gique<\/strong><\/a><\/div>\n<\/div>\n\n\n\n<div style=\"height:40px\" aria-hidden=\"true\" class=\"wp-block-spacer\"><\/div>\n\n\n\n<figure class=\"wp-block-image size-large\"><img loading=\"lazy\" decoding=\"async\" width=\"1296\" height=\"73\" src=\"https:\/\/www.cip-icu.ca\/wp-content\/uploads\/2023\/11\/Strategic-Plan_FRENCH_for-blog_Amplifying-Efforts_footer_fr-1296x73.png\" alt=\"\" class=\"wp-image-23775\" srcset=\"https:\/\/www.cip-icu.ca\/wp-content\/uploads\/2023\/11\/Strategic-Plan_FRENCH_for-blog_Amplifying-Efforts_footer_fr-1296x73.png 1296w, https:\/\/www.cip-icu.ca\/wp-content\/uploads\/2023\/11\/Strategic-Plan_FRENCH_for-blog_Amplifying-Efforts_footer_fr-636x36.png 636w, https:\/\/www.cip-icu.ca\/wp-content\/uploads\/2023\/11\/Strategic-Plan_FRENCH_for-blog_Amplifying-Efforts_footer_fr-768x43.png 768w, https:\/\/www.cip-icu.ca\/wp-content\/uploads\/2023\/11\/Strategic-Plan_FRENCH_for-blog_Amplifying-Efforts_footer_fr-1536x87.png 1536w, https:\/\/www.cip-icu.ca\/wp-content\/uploads\/2023\/11\/Strategic-Plan_FRENCH_for-blog_Amplifying-Efforts_footer_fr-2048x116.png 2048w\" sizes=\"auto, (max-width: 1296px) 100vw, 1296px\" \/><\/figure>\n\n\n\n<figure class=\"wp-block-image size-large\"><img loading=\"lazy\" decoding=\"async\" width=\"1296\" height=\"137\" src=\"https:\/\/www.cip-icu.ca\/wp-content\/uploads\/2023\/11\/Strategic-Plan_FRENCH_for-blog_footer_fr-1296x137.png\" alt=\"\" class=\"wp-image-23777\" srcset=\"https:\/\/www.cip-icu.ca\/wp-content\/uploads\/2023\/11\/Strategic-Plan_FRENCH_for-blog_footer_fr-1296x137.png 1296w, https:\/\/www.cip-icu.ca\/wp-content\/uploads\/2023\/11\/Strategic-Plan_FRENCH_for-blog_footer_fr-636x67.png 636w, https:\/\/www.cip-icu.ca\/wp-content\/uploads\/2023\/11\/Strategic-Plan_FRENCH_for-blog_footer_fr-768x81.png 768w, https:\/\/www.cip-icu.ca\/wp-content\/uploads\/2023\/11\/Strategic-Plan_FRENCH_for-blog_footer_fr-1536x162.png 1536w, https:\/\/www.cip-icu.ca\/wp-content\/uploads\/2023\/11\/Strategic-Plan_FRENCH_for-blog_footer_fr-2048x216.png 2048w\" sizes=\"auto, (max-width: 1296px) 100vw, 1296px\" \/><\/figure>\n\n\n\n<div style=\"height:60px\" aria-hidden=\"true\" class=\"wp-block-spacer\"><\/div>\n","protected":false},"excerpt":{"rendered":"<p>La diversit\u00e9 du Canada demeure l&#8217;une de ses plus grandes forces. Nous soutenons une profession d&#8217;urbaniste au Canada qui est v\u00e9ritablement repr\u00e9sentative de la soci\u00e9t\u00e9 dans laquelle elle travaille, et nous reconnaissons que nos actions en tant qu&#8217;organisation et profession peuvent avoir un impact durable sur les communaut\u00e9s. <\/p>\n","protected":false},"author":14,"featured_media":24965,"comment_status":"closed","ping_status":"closed","sticky":false,"template":"","format":"standard","meta":{"_acf_changed":false,"footnotes":""},"categories":[92],"tags":[106,107],"class_list":["post-24961","post","type-post","status-publish","format-standard","has-post-thumbnail","hentry","category-blog","tag-edia-fr","tag-plan-strategique"],"acf":[],"_links":{"self":[{"href":"https:\/\/www.cip-icu.ca\/fr\/wp-json\/wp\/v2\/posts\/24961","targetHints":{"allow":["GET"]}}],"collection":[{"href":"https:\/\/www.cip-icu.ca\/fr\/wp-json\/wp\/v2\/posts"}],"about":[{"href":"https:\/\/www.cip-icu.ca\/fr\/wp-json\/wp\/v2\/types\/post"}],"author":[{"embeddable":true,"href":"https:\/\/www.cip-icu.ca\/fr\/wp-json\/wp\/v2\/users\/14"}],"replies":[{"embeddable":true,"href":"https:\/\/www.cip-icu.ca\/fr\/wp-json\/wp\/v2\/comments?post=24961"}],"version-history":[{"count":3,"href":"https:\/\/www.cip-icu.ca\/fr\/wp-json\/wp\/v2\/posts\/24961\/revisions"}],"predecessor-version":[{"id":25302,"href":"https:\/\/www.cip-icu.ca\/fr\/wp-json\/wp\/v2\/posts\/24961\/revisions\/25302"}],"wp:featuredmedia":[{"embeddable":true,"href":"https:\/\/www.cip-icu.ca\/fr\/wp-json\/wp\/v2\/media\/24965"}],"wp:attachment":[{"href":"https:\/\/www.cip-icu.ca\/fr\/wp-json\/wp\/v2\/media?parent=24961"}],"wp:term":[{"taxonomy":"category","embeddable":true,"href":"https:\/\/www.cip-icu.ca\/fr\/wp-json\/wp\/v2\/categories?post=24961"},{"taxonomy":"post_tag","embeddable":true,"href":"https:\/\/www.cip-icu.ca\/fr\/wp-json\/wp\/v2\/tags?post=24961"}],"curies":[{"name":"wp","href":"https:\/\/api.w.org\/{rel}","templated":true}]}}