{"id":26211,"date":"2024-03-04T08:09:51","date_gmt":"2024-03-04T16:09:51","guid":{"rendered":"https:\/\/www.cip-icu.ca\/blog\/connection-2024-annonce-dun-discours-douverture-jennifer-david\/"},"modified":"2024-03-04T08:30:32","modified_gmt":"2024-03-04T16:30:32","slug":"connection-2024-annonce-dun-discours-douverture-jennifer-david","status":"publish","type":"post","link":"https:\/\/www.cip-icu.ca\/fr\/blog\/connection-2024-annonce-dun-discours-douverture-jennifer-david\/","title":{"rendered":"CONNECTION 2024 &#8211; Annonce du conf\u00e9rencier principal : Jennifer David"},"content":{"rendered":"<div class=\"wp-block-image\">\n<figure class=\"alignleft size-full is-resized\"><img loading=\"lazy\" decoding=\"async\" width=\"1920\" height=\"1280\" src=\"https:\/\/www.cip-icu.ca\/wp-content\/uploads\/2024\/03\/CONNECTION-Blog-Featured-Image-1920x1280-1.png\" alt=\"\" class=\"wp-image-26178\" style=\"width:350px;height:auto\" srcset=\"https:\/\/www.cip-icu.ca\/wp-content\/uploads\/2024\/03\/CONNECTION-Blog-Featured-Image-1920x1280-1.png 1920w, https:\/\/www.cip-icu.ca\/wp-content\/uploads\/2024\/03\/CONNECTION-Blog-Featured-Image-1920x1280-1-636x424.png 636w, https:\/\/www.cip-icu.ca\/wp-content\/uploads\/2024\/03\/CONNECTION-Blog-Featured-Image-1920x1280-1-1296x864.png 1296w, https:\/\/www.cip-icu.ca\/wp-content\/uploads\/2024\/03\/CONNECTION-Blog-Featured-Image-1920x1280-1-768x512.png 768w, https:\/\/www.cip-icu.ca\/wp-content\/uploads\/2024\/03\/CONNECTION-Blog-Featured-Image-1920x1280-1-1536x1024.png 1536w, https:\/\/www.cip-icu.ca\/wp-content\/uploads\/2024\/03\/CONNECTION-Blog-Featured-Image-1920x1280-1-720x480.png 720w\" sizes=\"auto, (max-width: 1920px) 100vw, 1920px\" \/><\/figure>\n<\/div>\n\n\n<p class=\"lede\">Membre de la Premi\u00e8re nation Chapleau Cree, Jennifer est d&#8217;ascendance mixte et est n\u00e9e et a grandi dans le territoire Omushkego\/Treaty 9 (nord-est de l&#8217;Ontario). Jennifer est dipl\u00f4m\u00e9e en journalisme et en litt\u00e9rature anglaise de l&#8217;universit\u00e9 de Carleton. En 2003, Jennifer est devenue partenaire et est actuellement consultante principale et actionnaire minoritaire de <a href=\"https:\/\/nvisiongroup.ca\/\" target=\"_blank\" rel=\"noreferrer noopener\">NVision Insight Group<\/a>, une soci\u00e9t\u00e9 de conseil appartenant majoritairement \u00e0 des autochtones.  <\/p>\n\n\n\n<div style=\"height:8px\" aria-hidden=\"true\" class=\"wp-block-spacer\"><\/div>\n\n\n\n<p>Elle supervise un domaine de pratique appel\u00e9 <a href=\"https:\/\/nvisiongroup.ca\/our-work\/#truth\" target=\"_blank\" rel=\"noreferrer noopener\">V\u00e9rit\u00e9 et R\u00e9conciliation<\/a>, et g\u00e8re le d\u00e9veloppement et l&#8217;offre de la s\u00e9rie de cours et de pr\u00e9sentations de sensibilisation et de comp\u00e9tence culturelle de NVision, sous la banni\u00e8re The Path.<\/p>\n\n\n\n<div style=\"height:4px\" aria-hidden=\"true\" class=\"wp-block-spacer\"><\/div>\n\n\n\n<p>En tant que communicatrice comp\u00e9tente et exp\u00e9riment\u00e9e, chercheuse, \u00e9crivaine publi\u00e9e et animatrice, Jennifer apporte \u00e9nergie, cr\u00e9ativit\u00e9 et professionnalisme \u00e0 chaque projet, motiv\u00e9e par son engagement \u00e0 promouvoir les communaut\u00e9s et les cultures autochtones et \u00e0 faire entendre la voix des Premi\u00e8res nations, des Inuits et des M\u00e9tis.<\/p>\n\n\n\n<p>Elle si\u00e8ge au conseil d&#8217;administration de l&#8217;Aboriginal Peoples Television Network et r\u00e9dige des articles sur l&#8217;art indig\u00e8ne pour le magazine du Mus\u00e9e des beaux-arts du Canada. Elle est mari\u00e9e et m\u00e8re de deux adolescents. Pendant son temps libre, elle est une lectrice vorace de litt\u00e9rature indig\u00e8ne. Elle coanime un podcast intitul\u00e9<a href=\"https:\/\/goodminds.com\/pages\/storykeepers\" target=\"_blank\" rel=\"noreferrer noopener\"> Storykeepers : Let&#8217;s Talk Indigenous Books.<\/a><\/p>\n\n\n\n<p>Ne manquez pas sa conf\u00e9rence inspirante le 9 juillet !<\/p>\n\n\n\n<div style=\"height:22px\" aria-hidden=\"true\" class=\"wp-block-spacer\"><\/div>\n\n\n\n<h3 class=\"wp-block-heading\"><strong>L&#8217;inscription \u00e0 CONNECTION 2024 est maintenant ouverte<\/strong><\/h3>\n\n\n\n<p>N&#8217;oubliez pas de <a href=\"https:\/\/site.pheedloop.com\/event\/connection2024\/registration\/register#category\">vous inscrire<\/a> avant le <strong>1 mai<\/strong> pour b\u00e9n\u00e9ficier du tarif pr\u00e9f\u00e9rentiel !  <\/p>\n\n\n\n<div class=\"wp-block-buttons is-layout-flex wp-block-buttons-is-layout-flex\">\n<div class=\"wp-block-button\"><a class=\"wp-block-button__link wp-element-button\" href=\"https:\/\/site.pheedloop.com\/event\/connection2024\/home\" target=\"_blank\" rel=\"noreferrer noopener\">Visitez le site web de la conf\u00e9rence<\/a><\/div>\n<\/div>\n","protected":false},"excerpt":{"rendered":"<p>Membre de la Premi\u00e8re nation Chapleau Cree, Jennifer est d&#8217;ascendance mixte et est n\u00e9e et a grandi dans le territoire Omushkego\/Treaty 9 (nord-est de l&#8217;Ontario).&hellip;<\/p>\n","protected":false},"author":21,"featured_media":26214,"comment_status":"closed","ping_status":"closed","sticky":false,"template":"","format":"standard","meta":{"_acf_changed":false,"footnotes":""},"categories":[92],"tags":[110,102],"class_list":["post-26211","post","type-post","status-publish","format-standard","has-post-thumbnail","hentry","category-blog","tag-conference-fr","tag-reconciliation-fr"],"acf":[],"_links":{"self":[{"href":"https:\/\/www.cip-icu.ca\/fr\/wp-json\/wp\/v2\/posts\/26211","targetHints":{"allow":["GET"]}}],"collection":[{"href":"https:\/\/www.cip-icu.ca\/fr\/wp-json\/wp\/v2\/posts"}],"about":[{"href":"https:\/\/www.cip-icu.ca\/fr\/wp-json\/wp\/v2\/types\/post"}],"author":[{"embeddable":true,"href":"https:\/\/www.cip-icu.ca\/fr\/wp-json\/wp\/v2\/users\/21"}],"replies":[{"embeddable":true,"href":"https:\/\/www.cip-icu.ca\/fr\/wp-json\/wp\/v2\/comments?post=26211"}],"version-history":[{"count":2,"href":"https:\/\/www.cip-icu.ca\/fr\/wp-json\/wp\/v2\/posts\/26211\/revisions"}],"predecessor-version":[{"id":26216,"href":"https:\/\/www.cip-icu.ca\/fr\/wp-json\/wp\/v2\/posts\/26211\/revisions\/26216"}],"wp:featuredmedia":[{"embeddable":true,"href":"https:\/\/www.cip-icu.ca\/fr\/wp-json\/wp\/v2\/media\/26214"}],"wp:attachment":[{"href":"https:\/\/www.cip-icu.ca\/fr\/wp-json\/wp\/v2\/media?parent=26211"}],"wp:term":[{"taxonomy":"category","embeddable":true,"href":"https:\/\/www.cip-icu.ca\/fr\/wp-json\/wp\/v2\/categories?post=26211"},{"taxonomy":"post_tag","embeddable":true,"href":"https:\/\/www.cip-icu.ca\/fr\/wp-json\/wp\/v2\/tags?post=26211"}],"curies":[{"name":"wp","href":"https:\/\/api.w.org\/{rel}","templated":true}]}}