{"id":26228,"date":"2024-03-04T10:42:01","date_gmt":"2024-03-04T18:42:01","guid":{"rendered":"https:\/\/www.cip-icu.ca\/blog\/les-inscriptions-a-connection-sont-maintenant-ouvertes\/"},"modified":"2024-03-04T10:51:01","modified_gmt":"2024-03-04T18:51:01","slug":"les-inscriptions-a-connection-sont-maintenant-ouvertes","status":"publish","type":"post","link":"https:\/\/www.cip-icu.ca\/fr\/blog\/les-inscriptions-a-connection-sont-maintenant-ouvertes\/","title":{"rendered":"Les inscriptions \u00e0 CONNECTION sont maintenant ouvertes"},"content":{"rendered":"\n<p class=\"lede\">Rejoignez-nous pour l&#8217;\u00e9v\u00e9nement d\u2019urbanisme le plus attendu de l&#8217;ann\u00e9e! La conf\u00e9rence nationale conjointe de l&#8217;ICU et de l&#8217;APPI combine formation et recherche en urbanisme professionnel, ateliers exp\u00e9rientiels, r\u00e9seautage, d\u00e9veloppement de carri\u00e8re et <em>divertissement<\/em> pendant trois jours, du <strong>9 au 11 juillet<\/strong>, \u00e0 Edmonton, en Alberta.<\/p>\n\n<ul class=\"wp-block-list\">\n<li><strong>Nouer des liens durables :<\/strong> la conf\u00e9rence offre des possibilit\u00e9s uniques de r\u00e9seautage avec des urbanistes et des professionnels apparent\u00e9s \u00e0 travers le pays &#8211; n&#8217;oubliez pas vos cartes de visite! <\/li>\n<\/ul>\n\n<ul class=\"wp-block-list\">\n<li><strong>Am\u00e9liorer votre CV<\/strong> : arr\u00eatez-vous dans notre salon de d\u00e9veloppement professionnel pour obtenir une nouvelle photo, faire r\u00e9viser votre curriculum vitae et d\u00e9couvrir qui recrute sur le tableau <a href=\"https:\/\/jobboard.cip-icu.ca\/\" target=\"_blank\" rel=\"noreferrer noopener\">d&#8217;affichage national de l\u2019ICU<\/a>.<\/li>\n<\/ul>\n\n<ul class=\"wp-block-list\">\n<li><strong>Compl\u00e9ter vos exigences en mati\u00e8re de formation professionnelle continue :<\/strong> notre conf\u00e9rence nationale est votre guichet unique pour remplir vos exigences annuelles en mati\u00e8re de formation professionnelle continue (FPC). Il y a plus de s\u00e9ances qu&#8217;il n&#8217;en faut pour r\u00e9pondre \u00e0 toutes vos exigences en seulement trois jours.<\/li>\n<\/ul>\n\n<p><strong>Inscrivez-vous avant le 1 mai pour profiter des tarifs pr\u00e9f\u00e9rentiels !<\/strong><\/p>\n\n<div style=\"height:26px\" aria-hidden=\"true\" class=\"wp-block-spacer\"><\/div>\n\n<div class=\"wp-block-buttons is-layout-flex wp-block-buttons-is-layout-flex\">\n<div class=\"wp-block-button\"><a class=\"wp-block-button__link wp-element-button\" href=\"https:\/\/site.pheedloop.com\/event\/connection2024\/home\" target=\"_blank\" rel=\"noreferrer noopener\">S&#8217;inscrire<\/a><\/div>\n\n\n\n<div class=\"wp-block-button\"><a class=\"wp-block-button__link wp-element-button\" href=\"https:\/\/site.pheedloop.com\/event\/connection2024\/program\/schedule\" target=\"_blank\" rel=\"noreferrer noopener\">Voir le programme<\/a><\/div>\n<\/div>\n","protected":false},"excerpt":{"rendered":"<p>Rejoignez-nous pour l&#8217;\u00e9v\u00e9nement d\u2019urbanisme le plus attendu de l&#8217;ann\u00e9e! La conf\u00e9rence nationale conjointe de l&#8217;ICU et de l&#8217;APPI combine formation et recherche en urbanisme professionnel,&hellip;<\/p>\n","protected":false},"author":21,"featured_media":26230,"comment_status":"closed","ping_status":"closed","sticky":false,"template":"","format":"standard","meta":{"_acf_changed":false,"footnotes":""},"categories":[92],"tags":[110],"class_list":["post-26228","post","type-post","status-publish","format-standard","has-post-thumbnail","hentry","category-blog","tag-conference-fr"],"acf":[],"_links":{"self":[{"href":"https:\/\/www.cip-icu.ca\/fr\/wp-json\/wp\/v2\/posts\/26228","targetHints":{"allow":["GET"]}}],"collection":[{"href":"https:\/\/www.cip-icu.ca\/fr\/wp-json\/wp\/v2\/posts"}],"about":[{"href":"https:\/\/www.cip-icu.ca\/fr\/wp-json\/wp\/v2\/types\/post"}],"author":[{"embeddable":true,"href":"https:\/\/www.cip-icu.ca\/fr\/wp-json\/wp\/v2\/users\/21"}],"replies":[{"embeddable":true,"href":"https:\/\/www.cip-icu.ca\/fr\/wp-json\/wp\/v2\/comments?post=26228"}],"version-history":[{"count":1,"href":"https:\/\/www.cip-icu.ca\/fr\/wp-json\/wp\/v2\/posts\/26228\/revisions"}],"predecessor-version":[{"id":26229,"href":"https:\/\/www.cip-icu.ca\/fr\/wp-json\/wp\/v2\/posts\/26228\/revisions\/26229"}],"wp:featuredmedia":[{"embeddable":true,"href":"https:\/\/www.cip-icu.ca\/fr\/wp-json\/wp\/v2\/media\/26230"}],"wp:attachment":[{"href":"https:\/\/www.cip-icu.ca\/fr\/wp-json\/wp\/v2\/media?parent=26228"}],"wp:term":[{"taxonomy":"category","embeddable":true,"href":"https:\/\/www.cip-icu.ca\/fr\/wp-json\/wp\/v2\/categories?post=26228"},{"taxonomy":"post_tag","embeddable":true,"href":"https:\/\/www.cip-icu.ca\/fr\/wp-json\/wp\/v2\/tags?post=26228"}],"curies":[{"name":"wp","href":"https:\/\/api.w.org\/{rel}","templated":true}]}}