{"id":27802,"date":"2024-05-01T06:59:50","date_gmt":"2024-05-01T13:59:50","guid":{"rendered":"https:\/\/www.cip-icu.ca\/?p=27802"},"modified":"2024-05-01T07:00:36","modified_gmt":"2024-05-01T14:00:36","slug":"conferencier-principal-a-lassemblee-generale-annuelle-de-licu-2024-jay-pitter","status":"publish","type":"post","link":"https:\/\/www.cip-icu.ca\/fr\/blog\/conferencier-principal-a-lassemblee-generale-annuelle-de-licu-2024-jay-pitter\/","title":{"rendered":"Conf\u00e9rencier principal \u00e0 l\u2019Assembl\u00e9e g\u00e9n\u00e9rale annuelle de l\u2019ICU 2024 : Jay Pitter"},"content":{"rendered":"\n<p class=\"lede\">L\u2019assembl\u00e9e g\u00e9n\u00e9rale annuelle (AGA) 2024 de l\u2019Institut canadien des urbanistes se tiendra en ligne sur <strong>30 mai \u00e0 13h00 HE<\/strong>. Nous vous encourageons \u00e0 l&#8217;ajouter \u00e0 votre calendrier d\u00e8s maintenant pour \u00eatre s\u00fbr de pouvoir nous rejoindre !<\/p>\n\n\n\n<p>L&#8217;ICU est ravi d&#8217;accueillir Jay Pitter comme conf\u00e9rencier principal \u00e0 l&#8217;AGA 2024. <\/p>\n\n\n\n<h4 class=\"wp-block-heading\"><strong>Transformer le pouvoir de la protestation en un processus fond\u00e9 sur des donn\u00e9es probantes<\/strong><\/h4>\n\n\n\n<p>Lors de cette conf\u00e9rence, la cr\u00e9atrice de lieux prim\u00e9e et professeure adjointe d&#8217;urbanisme, <strong>Jay Pitter, MES<\/strong>, partagera les r\u00e9sultats pr\u00e9liminaires de son sondage BEING BLACK IN PUBLIC. Ce sondage binational sans pr\u00e9c\u00e9dent, destin\u00e9e aux Noirs r\u00e9sidant au Canada et aux \u00c9tats-Unis, a cr\u00e9\u00e9 un espace d\u00e9di\u00e9 aux Noirs, en dehors des traumatismes et du travail de protestation publique, pour qu&#8217;ils puissent traiter leurs exp\u00e9riences de l&#8217;espace public. Les r\u00e9sultats seront utilis\u00e9s pour informer les processus de d\u00e9veloppement professionnel et politique. <\/p>\n\n\n\n<p class=\"has-gainsboro-background-color has-background\"><em><strong>Jay Pitter<\/strong>, MES, est une cr\u00e9atrice de lieux prim\u00e9e, une professeure adjointe d&#8217;urbanisme et une auteure dont la pratique permet d&#8217;att\u00e9nuer les fractures croissantes dans les villes d&#8217;Am\u00e9rique du Nord. Parmi les nombreuses r\u00e9compenses obtenues par Mme Pitter, citons sa nomination en tant que John Bousfield Distinguished Visitor in Planning \u00e0 l&#8217;Universit\u00e9 de Toronto, sa nomination en tant que finaliste du Knight Foundation Public Space Fellows Award, sa pr\u00e9s\u00e9lection pour le Margolese National Design for Living Prize et l&#8217;obtention du Heritage Toronto Award et du Dr. Daniel G. Hill Award pour le Little Jamaica Cultural District Plan, le premier district culturel officiel de la ville de Toronto, qu&#8217;elle a \u00e9labor\u00e9. Elle a \u00e9t\u00e9 \u00e9lue par Planetizen comme l&#8217;une des \u00ab 100 urbanistes les plus influentes d&#8217;hier et d&#8217;aujourd&#8217;hui \u00bb. Ses prochains ouvrages, Black Public Joy et Where We Live, seront publi\u00e9s par McClelland &amp; Stewart et Penguin Random House Canada.<\/em><\/p>\n\n\n\n<div style=\"height:33px\" aria-hidden=\"true\" class=\"wp-block-spacer\"><\/div>\n\n\n\n<h4 class=\"wp-block-heading\"><strong>Inscrivez-vous \u00e0 l&#8217;AGA 2024<\/strong><\/h4>\n\n\n\n<p>Si vous \u00eates membre, vous \u00eates pr\u00e9inscrit \u00e0 l&#8217;AGA et recevrez le <strong>20 mai<\/strong> un lien vers le courriel associ\u00e9 \u00e0 votre adh\u00e9sion \u00e0 l\u2019ICU.<\/p>\n\n\n\n<p>Si vous avez des questions concernant la prochaine AGA, veuillez nous envoyer un courriel \u00e0 <a href=\"mailto:membership@cip-icu.ca\" target=\"_blank\" rel=\"noreferrer noopener\">membership@cip-icu.ca<\/a>.<\/p>\n","protected":false},"excerpt":{"rendered":"<p>L\u2019assembl\u00e9e g\u00e9n\u00e9rale annuelle (AGA) 2024 de l\u2019Institut canadien des urbanistes se tiendra en ligne sur 30 mai \u00e0 13h00 HE. Nous vous encourageons \u00e0 l&#8217;ajouter&hellip;<\/p>\n","protected":false},"author":21,"featured_media":27738,"comment_status":"closed","ping_status":"closed","sticky":false,"template":"","format":"standard","meta":{"_acf_changed":false,"footnotes":""},"categories":[92],"tags":[103],"class_list":["post-27802","post","type-post","status-publish","format-standard","has-post-thumbnail","hentry","category-blog","tag-adhesion"],"acf":[],"_links":{"self":[{"href":"https:\/\/www.cip-icu.ca\/fr\/wp-json\/wp\/v2\/posts\/27802","targetHints":{"allow":["GET"]}}],"collection":[{"href":"https:\/\/www.cip-icu.ca\/fr\/wp-json\/wp\/v2\/posts"}],"about":[{"href":"https:\/\/www.cip-icu.ca\/fr\/wp-json\/wp\/v2\/types\/post"}],"author":[{"embeddable":true,"href":"https:\/\/www.cip-icu.ca\/fr\/wp-json\/wp\/v2\/users\/21"}],"replies":[{"embeddable":true,"href":"https:\/\/www.cip-icu.ca\/fr\/wp-json\/wp\/v2\/comments?post=27802"}],"version-history":[{"count":3,"href":"https:\/\/www.cip-icu.ca\/fr\/wp-json\/wp\/v2\/posts\/27802\/revisions"}],"predecessor-version":[{"id":27824,"href":"https:\/\/www.cip-icu.ca\/fr\/wp-json\/wp\/v2\/posts\/27802\/revisions\/27824"}],"wp:featuredmedia":[{"embeddable":true,"href":"https:\/\/www.cip-icu.ca\/fr\/wp-json\/wp\/v2\/media\/27738"}],"wp:attachment":[{"href":"https:\/\/www.cip-icu.ca\/fr\/wp-json\/wp\/v2\/media?parent=27802"}],"wp:term":[{"taxonomy":"category","embeddable":true,"href":"https:\/\/www.cip-icu.ca\/fr\/wp-json\/wp\/v2\/categories?post=27802"},{"taxonomy":"post_tag","embeddable":true,"href":"https:\/\/www.cip-icu.ca\/fr\/wp-json\/wp\/v2\/tags?post=27802"}],"curies":[{"name":"wp","href":"https:\/\/api.w.org\/{rel}","templated":true}]}}