{"id":31040,"date":"2024-12-05T10:40:16","date_gmt":"2024-12-05T18:40:16","guid":{"rendered":"https:\/\/www.cip-icu.ca\/blog\/reflexions-de-tharini-prakash-a-lintention-des-urbanistes-en-herbe\/"},"modified":"2024-12-09T12:14:44","modified_gmt":"2024-12-09T20:14:44","slug":"reflexions-de-tharini-prakash-a-lintention-des-urbanistes-en-herbe","status":"publish","type":"post","link":"https:\/\/www.cip-icu.ca\/fr\/blog\/reflexions-de-tharini-prakash-a-lintention-des-urbanistes-en-herbe\/","title":{"rendered":"R\u00e9flexions de Tharini Prakash \u00e0 l&#8217;intention des urbanistes en herbe"},"content":{"rendered":"\n<p class=\"lede\">\u00cates-vous un \u00e9tudiant qui se lance dans la profession d&#8217;urbaniste? Nous avons demand\u00e9 \u00e0 Tharini Prakash, r\u00e9cemment dipl\u00f4m\u00e9e et professionnelle en devenir, de nous parler de son exp\u00e9rience de d\u00e9but de carri\u00e8re d&#8217;urbaniste. Dans cet entretien, elle nous fait part de son parcours, de ses inspirations et de ses conseils aux urbanistes en herbe.  <\/p>\n\n<p>De l&#8217;importance de la curiosit\u00e9 et du r\u00e9seautage aux avantages de l&#8217;engagement aupr\u00e8s de l&#8217;Institut canadien des urbanistes (ICU), l&#8217;histoire de Tharini offre une feuille de route pour tirer le meilleur parti de votre parcours \u00e9ducatif et professionnel dans le domaine de l&#8217;urbanisme.<\/p>\n\n<h2 class=\"wp-block-heading has-large-font-size\"><strong>Qu&#8217;est-ce qui vous a incit\u00e9 \u00e0 \u00e9tudier l\u2019urbanisme et \u00e0 vouloir devenir urbaniste? Qu&#8217;avez-vous appris jusqu&#8217;\u00e0 pr\u00e9sent sur le chemin de l\u2019urbanisme? <\/strong><\/h2>\n\n<p><em>\u00ab Mon int\u00e9r\u00eat pour l\u2019urbanisme s&#8217;est d\u00e9velopp\u00e9 au cours de mes \u00e9tudes de premier cycle en architecture, o\u00f9 j&#8217;ai pris conscience du pouvoir de l\u2019urbanisme pour fa\u00e7onner des communaut\u00e9s enti\u00e8res et pas seulement des b\u00e2timents individuels. J&#8217;ai appris que l\u2019urbanisme consiste \u00e0 \u00e9quilibrer des besoins divers pour cr\u00e9er des espaces o\u00f9 chacun peut s&#8217;\u00e9panouir. Il est gratifiant de savoir que le travail que je fais contribue \u00e0 construire des communaut\u00e9s inclusives et interconnect\u00e9es qui refl\u00e8tent les cultures et les identit\u00e9s uniques de ceux qui y vivent. \u00bb  <\/em><\/p>\n\n<h2 class=\"wp-block-heading has-large-font-size\"><strong>Quels conseils donneriez-vous aux nouveaux \u00e9tudiants en urbanisme?<\/strong><\/h2>\n\n<p><em>\u00ab L&#8217;urbanisme est un domaine diversifi\u00e9 \u00e0 multiples facettes, et il n&#8217;existe pas de chemin unique pour devenir \u00ab urbaniste \u00bb. Ce n&#8217;est pas grave si vous n&#8217;\u00eates pas s\u00fbr de vos centres d&#8217;int\u00e9r\u00eat au d\u00e9but. Prenez le temps d&#8217;explorer diff\u00e9rents domaines, d&#8217;entrer en contact avec d&#8217;autres urbanistes et de vous renseigner sur leur r\u00f4le. Le travail en r\u00e9seau et la curiosit\u00e9 vous aideront \u00e0 d\u00e9couvrir votre passion et vous guideront tout au long du processus. \u00bb   <\/em>.<\/p>\n\n<h2 class=\"wp-block-heading has-large-font-size\"><strong>Comment vous \u00eates-vous impliqu\u00e9e dans l\u2019ICU? <\/strong><strong>Quel est le point fort de votre b\u00e9n\u00e9volat \u00e0 CONNECTION 2024, la conf\u00e9rence nationale de l\u2019urbanisme de l&#8217;ICU\/APPI?<\/strong><\/h2>\n\n<p><em>\u00ab L&#8217;engagement de l\u2019ICU en faveur de la croissance professionnelle et de la communaut\u00e9 m&#8217;a attir\u00e9e. L&#8217;un des points forts de mon exp\u00e9rience a \u00e9t\u00e9 le b\u00e9n\u00e9volat lors de la conf\u00e9rence nationale sur l\u2019urbanisme. Cela m&#8217;a donn\u00e9 l&#8217;occasion d&#8217;entrer en contact avec des urbanistes de tout le pays, d&#8217;apprendre de leurs exp\u00e9riences et de m&#8217;amuser en m\u00eame temps. Les visites guid\u00e9es, en particulier, m&#8217;ont donn\u00e9 un aper\u00e7u pr\u00e9cieux des d\u00e9fis et des solutions en mati\u00e8re d&#8217;urbanisme dans le monde r\u00e9el, ce qui m&#8217;a permis d&#8217;approfondir ma compr\u00e9hension de la profession. \u00bb   <\/em><\/p>\n\n<h2 class=\"wp-block-heading has-large-font-size\"><strong>Comment les \u00e9tudiants peuvent-ils tirer le meilleur parti de leur adh\u00e9sion gratuite \u00e0 l\u2019ICU?<\/strong><\/h2>\n\n<p><em>\u00ab Les \u00e9tudiants membres ont acc\u00e8s \u00e0 des tarifs sp\u00e9ciaux sur des ressources inestimables, m\u00eame un an apr\u00e8s l&#8217;obtention de leur dipl\u00f4me. Je recommande vivement de faire une demande de bourses d&#8217;\u00e9tudes et de prix et de profiter des tarifs r\u00e9duits pour assister \u00e0 la plus grande conf\u00e9rence de l\u2019urbanisme au Canada. Le b\u00e9n\u00e9volat \u00e0 la conf\u00e9rence est \u00e9galement une excellente occasion de nouer des contacts tout en pr\u00e9sentant des expos\u00e9s aux c\u00f4t\u00e9s de professionnels de l&#8217;industrie. \u00bb<\/em><\/p>\n\n<h2 class=\"wp-block-heading has-large-font-size\"><strong>\u00cates-vous pr\u00eat \u00e0 franchir une nouvelle \u00e9tape dans votre carri\u00e8re?<\/strong><\/h2>\n\n<p>Que vous commenciez \u00e0 peine votre parcours d\u2019urbaniste ou que vous cherchiez des moyens de vous d\u00e9velopper, il n&#8217;y a pas de meilleur moment pour vous impliquer. Explorez les ressources et les possibilit\u00e9s offertes par l&#8217;adh\u00e9sion \u00e0 l&#8217;ICU, entrez en contact avec des pairs et des mentors, et profitez des bourses, des conf\u00e9rences et des r\u00f4les de b\u00e9n\u00e9volat. Votre parcours dans l\u2019urbanisme commence maintenant avec une adh\u00e9sion \u00e0 l&#8217;ICU.  <\/p>\n\n<div class=\"wp-block-buttons is-layout-flex wp-block-buttons-is-layout-flex\">\n<div class=\"wp-block-button\"><a class=\"wp-block-button__link wp-element-button\" href=\"https:\/\/www.cip-icu.ca\/fr\/rejoindre-le-cip\/\">Devenir membre<\/a><\/div>\n<\/div>\n\n<div style=\"height:80px\" aria-hidden=\"true\" class=\"wp-block-spacer\"><\/div>\n\n<div class=\"wp-block-columns has-gainsboro-background-color has-background is-layout-flex wp-container-core-columns-is-layout-9d6595d7 wp-block-columns-is-layout-flex\">\n<div class=\"wp-block-column is-layout-flow wp-block-column-is-layout-flow\" style=\"flex-basis:66.66%\">\n<div style=\"height:20px\" aria-hidden=\"true\" class=\"wp-block-spacer\"><\/div>\n\n\n\n<p class=\"has-small-font-size\">Tharini Prakash est une urbaniste exp\u00e9riment\u00e9e qui poss\u00e8de une solide exp\u00e9rience en tant qu&#8217;architecte en exercice aux \u00c9mirats arabes unis. Elle apporte une vaste exp\u00e9rience mondiale dans des projets de d\u00e9veloppement \u00e0 grande \u00e9chelle et une compr\u00e9hension approfondie de la conception et de l&#8217;int\u00e9gration politique des domaines public et priv\u00e9. Actuellement coordonnatrice de projets d\u2019urbanisme, Tharini joue un r\u00f4le actif dans l&#8217;avancement de la r\u00e9conciliation par le biais d&#8217;initiatives d\u2019urbanisme des Premi\u00e8res Nations en Colombie-Britannique, tout en collaborant avec les gouvernements locaux de l&#8217;\u00eele de Vancouver sur une vari\u00e9t\u00e9 de projets d\u2019urbanisme.  <\/p>\n<\/div>\n\n\n\n<div class=\"wp-block-column is-layout-flow wp-block-column-is-layout-flow\" style=\"flex-basis:33.33%\">\n<figure class=\"wp-block-image size-large\"><img loading=\"lazy\" decoding=\"async\" width=\"1296\" height=\"864\" src=\"https:\/\/www.cip-icu.ca\/wp-content\/uploads\/2024\/12\/Tharini-Headshot-for-Blog-1-1296x864.png\" alt=\"Femme professionnelle aux cheveux longs et fonc&#xE9;s, portant un blazer bleu marine &#xE0; rayures et un col roul&#xE9; noir, souriant &#xE0; l'ext&#xE9;rieur dans un jardin, avec une douce lumi&#xE8;re du soleil et de la verdure floue en arri&#xE8;re-plan.\" class=\"wp-image-30943\" srcset=\"https:\/\/www.cip-icu.ca\/wp-content\/uploads\/2024\/12\/Tharini-Headshot-for-Blog-1-1296x864.png 1296w, https:\/\/www.cip-icu.ca\/wp-content\/uploads\/2024\/12\/Tharini-Headshot-for-Blog-1-636x424.png 636w, https:\/\/www.cip-icu.ca\/wp-content\/uploads\/2024\/12\/Tharini-Headshot-for-Blog-1-768x512.png 768w, https:\/\/www.cip-icu.ca\/wp-content\/uploads\/2024\/12\/Tharini-Headshot-for-Blog-1-1536x1024.png 1536w, https:\/\/www.cip-icu.ca\/wp-content\/uploads\/2024\/12\/Tharini-Headshot-for-Blog-1-720x480.png 720w, https:\/\/www.cip-icu.ca\/wp-content\/uploads\/2024\/12\/Tharini-Headshot-for-Blog-1-600x400.png 600w, https:\/\/www.cip-icu.ca\/wp-content\/uploads\/2024\/12\/Tharini-Headshot-for-Blog-1.png 1920w\" sizes=\"auto, (max-width: 1296px) 100vw, 1296px\" \/><\/figure>\n<\/div>\n<\/div>\n\n<div style=\"height:40px\" aria-hidden=\"true\" class=\"wp-block-spacer\"><\/div>\n","protected":false},"excerpt":{"rendered":"<p>\u00cates-vous un \u00e9tudiant qui se lance dans la profession d&#8217;urbaniste? Nous avons demand\u00e9 \u00e0 Tharini Prakash, r\u00e9cemment dipl\u00f4m\u00e9e et professionnelle en devenir, de nous parler&hellip;<\/p>\n","protected":false},"author":14,"featured_media":30944,"comment_status":"closed","ping_status":"closed","sticky":false,"template":"","format":"standard","meta":{"_acf_changed":false,"footnotes":""},"categories":[92],"tags":[103,110,104],"class_list":["post-31040","post","type-post","status-publish","format-standard","has-post-thumbnail","hentry","category-blog","tag-adhesion","tag-conference-fr","tag-soutien-carriere"],"acf":[],"_links":{"self":[{"href":"https:\/\/www.cip-icu.ca\/fr\/wp-json\/wp\/v2\/posts\/31040","targetHints":{"allow":["GET"]}}],"collection":[{"href":"https:\/\/www.cip-icu.ca\/fr\/wp-json\/wp\/v2\/posts"}],"about":[{"href":"https:\/\/www.cip-icu.ca\/fr\/wp-json\/wp\/v2\/types\/post"}],"author":[{"embeddable":true,"href":"https:\/\/www.cip-icu.ca\/fr\/wp-json\/wp\/v2\/users\/14"}],"replies":[{"embeddable":true,"href":"https:\/\/www.cip-icu.ca\/fr\/wp-json\/wp\/v2\/comments?post=31040"}],"version-history":[{"count":1,"href":"https:\/\/www.cip-icu.ca\/fr\/wp-json\/wp\/v2\/posts\/31040\/revisions"}],"predecessor-version":[{"id":31041,"href":"https:\/\/www.cip-icu.ca\/fr\/wp-json\/wp\/v2\/posts\/31040\/revisions\/31041"}],"wp:featuredmedia":[{"embeddable":true,"href":"https:\/\/www.cip-icu.ca\/fr\/wp-json\/wp\/v2\/media\/30944"}],"wp:attachment":[{"href":"https:\/\/www.cip-icu.ca\/fr\/wp-json\/wp\/v2\/media?parent=31040"}],"wp:term":[{"taxonomy":"category","embeddable":true,"href":"https:\/\/www.cip-icu.ca\/fr\/wp-json\/wp\/v2\/categories?post=31040"},{"taxonomy":"post_tag","embeddable":true,"href":"https:\/\/www.cip-icu.ca\/fr\/wp-json\/wp\/v2\/tags?post=31040"}],"curies":[{"name":"wp","href":"https:\/\/api.w.org\/{rel}","templated":true}]}}