{"id":40786,"date":"2025-12-09T15:25:10","date_gmt":"2025-12-09T20:25:10","guid":{"rendered":"https:\/\/www.cip-icu.ca\/blog\/agir-a-la-vitesse-de-la-confiance-ce-que-les-urbanistes-doivent-retenir-du-sommet-sur-letat-des-villes-canadiennes\/"},"modified":"2025-12-11T09:38:39","modified_gmt":"2025-12-11T14:38:39","slug":"ce-que-les-urbanistes-doivent-retenir-du-sommet-sur-letat-des-villes-canadiennes","status":"publish","type":"post","link":"https:\/\/www.cip-icu.ca\/fr\/blog\/ce-que-les-urbanistes-doivent-retenir-du-sommet-sur-letat-des-villes-canadiennes\/","title":{"rendered":"Agir \u00e0 la vitesse de la confiance : ce que les urbanistes doivent retenir du Sommet sur l&#8217;\u00e9tat des villes canadiennes"},"content":{"rendered":"\n<p class=\"lede\"><em>par Deborah Morrison, Directrice g\u00e9n\u00e9rale, Institut canadien des urbanistes (ICU)<\/em><\/p>\n\n<p>Apr\u00e8s sept mois pass\u00e9s \u00e0 m\u2019immerger dans le monde des urbanistes, le Sommet sur l\u2019\u00e9tat des villes canadiennes organis\u00e9 par <a href=\"https:\/\/canurb.org\/\">l\u2019Institut urbain de Canada<\/a> a \u00e9t\u00e9 ma premi\u00e8re incursion majeure dans l\u2019\u00e9cosyst\u00e8me plus large des leaders urbains. Pour sa troisi\u00e8me \u00e9dition, le Sommet a r\u00e9uni des centaines de professionnels de l\u2019urbanisme, de d\u00e9cideurs politiques, de chefs d\u2019entreprise, de d\u00e9fenseurs des communaut\u00e9s et d\u2019universitaires afin de mettre en lumi\u00e8re les politiques et les innovations efficaces en mati\u00e8re de d\u00e9veloppement urbain et d\u2019identifier les possibilit\u00e9s de les d\u00e9ployer \u00e0 plus grande \u00e9chelle.<\/p>\n\n<p>Le th\u00e8me de cette ann\u00e9e, \u00ab De meilleurs endroits pour un meilleur Canada : tirer parti du local \u00bb, a r\u00e9uni les participants autour d&#8217;une vision de communaut\u00e9s plus fortes et plus r\u00e9silientes et d&#8217;une d\u00e9termination \u00e0 collaborer pour b\u00e2tir une \u00e9conomie nationale plus solide. Je vous encourage \u00e0 consulter les enregistrements, qui seront bient\u00f4t publi\u00e9s sur le<a href=\"https:\/\/canurb.org\/\"> site Web de l\u2019ICU<\/a>.  <\/p>\n\n<p>En attendant, voici quelques-unes de mes observations personnelles et des points cl\u00e9s \u00e0 retenir pour les urbanistes et les acteurs communautaires tourn\u00e9s vers l&#8217;avenir. <\/p>\n\n<p><strong>Solutions ax\u00e9es sur le lieu et vitesse de la confiance<\/strong><\/p>\n\n<p>Le message principal du Sommet \u00e9tait clair : nous devons nous concentrer sur des solutions adapt\u00e9es au lieu. Chaque communaut\u00e9 est diff\u00e9rente, et la seule fa\u00e7on de lib\u00e9rer la cr\u00e9ativit\u00e9 et l&#8217;ing\u00e9niosit\u00e9 de ses membres est de les impliquer pleinement dans les processus de planification. <\/p>\n\n<p>L&#8217;engagement ne peut progresser qu&#8217;\u00e0 la vitesse de la confiance. La confiance entre les r\u00e9sidents et les institutions. La confiance entre les juridictions. Et la confiance dans des processus transparents, inclusifs et r\u00e9actifs. Si la construction rapide est actuellement une priorit\u00e9 absolue \u00e0 tous les niveaux de gouvernement, en particulier lorsqu&#8217;il s&#8217;agit d&#8217;accro\u00eetre l&#8217;offre de logements, il faut d&#8217;abord s&#8217;attacher \u00e0 instaurer la confiance au sein de nos communaut\u00e9s.     <\/p>\n\n<p><strong>Petites communaut\u00e9s, grands d\u00e9fis<\/strong><\/p>\n\n<p>Il convient \u00e9galement de noter que le Sommet s&#8217;est concentr\u00e9 sur l&#8217;exp\u00e9rience des petites communaut\u00e9s et des communaut\u00e9s rurales. Les discussions tout au long de la journ\u00e9e ont soulign\u00e9 la n\u00e9cessit\u00e9 de trouver des solutions adapt\u00e9es aux petites municipalit\u00e9s qui connaissent les m\u00eames pressions en mati\u00e8re de logement et d&#8217;infrastructures que les grands centres urbains. Il est notamment essentiel de garantir des communaut\u00e9s vivables pour les peuples autochtones, tant dans les r\u00e9serves qu&#8217;\u00e0 l&#8217;ext\u00e9rieur de celles-ci.  <\/p>\n\n<div style=\"height:25px\" aria-hidden=\"true\" class=\"wp-block-spacer\"><\/div>\n\n<figure class=\"wp-block-gallery has-nested-images columns-default is-cropped wp-block-gallery-1 is-layout-flex wp-block-gallery-is-layout-flex\">\n<figure class=\"wp-block-image size-large\"><img loading=\"lazy\" decoding=\"async\" width=\"1296\" height=\"972\" data-id=\"40795\" src=\"https:\/\/www.cip-icu.ca\/wp-content\/uploads\/2025\/12\/CanUrbSession2-1296x972.jpg\" alt=\"\" class=\"wp-image-40795\" srcset=\"https:\/\/www.cip-icu.ca\/wp-content\/uploads\/2025\/12\/CanUrbSession2-1296x972.jpg 1296w, https:\/\/www.cip-icu.ca\/wp-content\/uploads\/2025\/12\/CanUrbSession2-636x477.jpg 636w, https:\/\/www.cip-icu.ca\/wp-content\/uploads\/2025\/12\/CanUrbSession2-768x576.jpg 768w, https:\/\/www.cip-icu.ca\/wp-content\/uploads\/2025\/12\/CanUrbSession2-1536x1152.jpg 1536w, https:\/\/www.cip-icu.ca\/wp-content\/uploads\/2025\/12\/CanUrbSession2-2048x1536.jpg 2048w, https:\/\/www.cip-icu.ca\/wp-content\/uploads\/2025\/12\/CanUrbSession2-600x450.jpg 600w\" sizes=\"auto, (max-width: 1296px) 100vw, 1296px\" \/><\/figure>\n\n\n\n<figure class=\"wp-block-image size-large\"><img loading=\"lazy\" decoding=\"async\" width=\"1296\" height=\"972\" data-id=\"40796\" src=\"https:\/\/www.cip-icu.ca\/wp-content\/uploads\/2025\/12\/CanUrbSession1-1296x972.jpg\" alt=\"\" class=\"wp-image-40796\" srcset=\"https:\/\/www.cip-icu.ca\/wp-content\/uploads\/2025\/12\/CanUrbSession1-1296x972.jpg 1296w, https:\/\/www.cip-icu.ca\/wp-content\/uploads\/2025\/12\/CanUrbSession1-636x477.jpg 636w, https:\/\/www.cip-icu.ca\/wp-content\/uploads\/2025\/12\/CanUrbSession1-768x576.jpg 768w, https:\/\/www.cip-icu.ca\/wp-content\/uploads\/2025\/12\/CanUrbSession1-1536x1152.jpg 1536w, https:\/\/www.cip-icu.ca\/wp-content\/uploads\/2025\/12\/CanUrbSession1-2048x1536.jpg 2048w, https:\/\/www.cip-icu.ca\/wp-content\/uploads\/2025\/12\/CanUrbSession1-600x450.jpg 600w\" sizes=\"auto, (max-width: 1296px) 100vw, 1296px\" \/><\/figure>\n<figcaption class=\"blocks-gallery-caption wp-element-caption\">Premi\u00e8re photo : Omar Siddique (chef de bureau, Programme des Nations Unies pour les \u00e9tablissements humains (ONU-Habitat) Canada), Coleen Volk (directrice g\u00e9n\u00e9rale, Soci\u00e9t\u00e9 canadienne d\u2019hypoth\u00e8ques et de logement), Ana Bail\u00e3o (directrice g\u00e9n\u00e9rale, Construire des maisons Canada), David Miller (directeur g\u00e9n\u00e9ral, Centre C40, C40 Cities), et mod\u00e9ration : Andrea Barrack (premi\u00e8re vice-pr\u00e9sidente, Durabilit\u00e9 et Impact, Banque Royale du Canada)<br><br>Deuxi\u00e8me photo : Carolyn Whitzman (chercheuse principale en logement et professeure adjointe, \u00c9cole des villes, Universit\u00e9 de Toronto), Tsering Yangki (vice-pr\u00e9sidente ex\u00e9cutive, Financement et d\u00e9veloppement immobilier, Dream Unlimited Corp.), Brandon Searle (directeur de l\u2019innovation et des op\u00e9rations, Centre de recherche sur la construction hors site de l\u2019Universit\u00e9 du Nouveau-Brunswick), Margaret Pfoh (directrice g\u00e9n\u00e9rale, Association de gestion du logement autochtone), Stephanie Shewchuk (directrice, Politiques du logement, Banque Royale du Canada) et Deana Grinnell (vice-pr\u00e9sidente ex\u00e9cutive, Immobilier, Soci\u00e9t\u00e9 immobili\u00e8re du Canada).<\/figcaption><\/figure>\n\n<div style=\"height:25px\" aria-hidden=\"true\" class=\"wp-block-spacer\"><\/div>\n\n<p><strong>D\u00e9passer la pens\u00e9e dichotomique<\/strong><\/p>\n\n<p>L&#8217;ancien maire de Toronto, David Miller, a \u00e9voqu\u00e9 le malaise croissant suscit\u00e9 par la \u00ab collision \u00bb entre les int\u00e9r\u00eats \u00e9conomiques et environnementaux. La r\u00e9alit\u00e9 est claire : le Canada ne peut se permettre de choisir entre la croissance \u00e9conomique et la r\u00e9silience climatique. Nous devons cesser de penser en termes de \u00ab l&#8217;un ou l&#8217;autre \u00bb alors que les deux sont essentiels \u00e0 la durabilit\u00e9 \u00e0 long terme de nos communaut\u00e9s. Nous savons tous ce qui doit \u00eatre fait, nous connaissons l&#8217;urgence de la situation et nous ne devons pas nous laisser intimider par la complexit\u00e9 du probl\u00e8me.   <\/p>\n\n<p><strong>Technologie et innovation<\/strong><\/p>\n\n<p>La technologie a \u00e9galement \u00e9t\u00e9 un th\u00e8me r\u00e9current tout au long de la journ\u00e9e, avec des pr\u00e9sentations perspicaces sur la mani\u00e8re dont l&#8217;IA peut \u00e9clairer la prise de d\u00e9cision, quelle que soit la taille de la communaut\u00e9 ou les probl\u00e8mes qu&#8217;elle tente de r\u00e9soudre, et sur la mani\u00e8re dont les ensembles de donn\u00e9es peuvent d\u00e9sormais \u00eatre agr\u00e9g\u00e9s pour soutenir tous les aspects de la planification. Plusieurs de ces \u00e9changes avaient pour point commun la conviction que nous devons persuader les d\u00e9cideurs de regarder au-del\u00e0 du PIB pour \u00e9valuer la force d&#8217;une communaut\u00e9 et pour am\u00e9liorer la mesure de ce qui a g\u00e9n\u00e9ralement \u00e9t\u00e9 consid\u00e9r\u00e9 comme des actifs de croissance intangibles.  <\/p>\n\n<p>Des \u00ab pr\u00e9sentations \u00e9clairs \u00bb ont \u00e9galement ponctu\u00e9 la journ\u00e9e afin de pr\u00e9senter des initiatives vraiment inspirantes, telles que :<\/p>\n\n<ul class=\"wp-block-list\">\n<li>La<a href=\"https:\/\/naturalassetsinitiative.ca\/\"> Natural Assets Initiative<\/a> (l\u2019initiative des actifs naturels) qui a mis au point une m\u00e9thode pour mesurer la nature en tant qu&#8217;actif infrastructurel;<\/li>\n\n\n\n<li>Le projet <a href=\"https:\/\/massculture.ca\/\">Mass Culture<\/a> (mobilization culturelle) qui aide les organisations artistiques \u00e0 quantifier leur contribution \u00e0 l&#8217;am\u00e9lioration des r\u00e9sultats communautaires; et<\/li>\n\n\n\n<li>Le service mobile d&#8217;aide aux communaut\u00e9s propos\u00e9 par la <a href=\"https:\/\/unitedwayofbrucegrey.com\/sos-helps\/\">United Way of Bruce-Grey County.<\/a><\/li>\n<\/ul>\n\n<p><strong>La question difficile : comment financer tout cela?<\/strong><\/p>\n\n<p>La fin de la journ\u00e9e a \u00e9t\u00e9 consacr\u00e9e \u00e0 la r\u00e9flexion sur les moyens de financer tout cela. Le consensus \u00e9tait que nous ne pourrions pas progresser dans la satisfaction des besoins de la communaut\u00e9 tant qu&#8217;il n&#8217;y aurait pas de nouveau cadre fiscal accordant davantage de ressources aux municipalit\u00e9s qui supportent la plus grande partie de la charge. <\/p>\n\n<p>Zita Cobb, fondatrice du <a href=\"https:\/\/institute.shorefast.org\/?_gl=1%2Awuxm9q%2A_ga%2AMTcwMTA4NTA4NC4xNzY0OTQwNzgw%2A_ga_8Q3JLH7TCR%2AczE3NjQ5NDA3ODAkbzEkZzEkdDE3NjQ5NDA3OTMkajQ3JGwwJGgw\">Shorefast Institute<\/a>, a insist\u00e9 sur ce point lors de sa pr\u00e9sentation sur l\u2019\u00e9conomie des lieux. Elle a fait valoir que l\u2019\u00e9conomie canadienne d\u00e9pendait d\u2019un \u00e9quilibre \u00e9quitable entre les march\u00e9s (institutions), les gouvernements et les lieux (communaut\u00e9s). \u00c0 l\u2019heure actuelle, les march\u00e9s sont un moteur disproportionn\u00e9 de l\u2019\u00e9conomie, mais l\u2019innovation et la cr\u00e9ativit\u00e9 se produisent dans les lieux, et il ne peut y avoir de croissance sans eux. Selon elle, les lieux sont sous-\u00e9valu\u00e9s par les march\u00e9s, qui cherchent le plus souvent \u00e0 extraire plut\u00f4t qu\u2019\u00e0 r\u00e9g\u00e9n\u00e9rer leur retour sur investissement. Les lieux sont \u00e9galement souvent inexploit\u00e9s par les gouvernements, dont les politiques favorisent le statu quo, alors m\u00eame que les communaut\u00e9s prosp\u00e8rent gr\u00e2ce \u00e0 leur caract\u00e8re unique. Elle affirme donc que 90 % des communaut\u00e9s canadiennes sont des \u00ab actifs bloqu\u00e9s \u00bb et qu\u2019il nous appartient de r\u00e9tablir cet \u00e9quilibre et de lib\u00e9rer ces actifs.<\/p>\n\n<p>Ces th\u00e8mes de la qualit\u00e9 de vie, de l&#8217;accessibilit\u00e9 financi\u00e8re, de la durabilit\u00e9 et de l&#8217;\u00e9quit\u00e9 ne sont pas nouveaux pour les urbanistes. En fait, toutes ces questions \u00e9taient au c\u0153ur des travaux de nos <a href=\"https:\/\/www.cip-icu.ca\/fr\/benevole\/#policy-groups\">groupes de travail sur les politiques nationales<\/a> et ont conduit aux <a href=\"https:\/\/www.cip-icu.ca\/wp-content\/uploads\/2025\/09\/2025-Pre-Budget-Submission-EN.pdf\">recommandations <\/a>de l&#8217;ICU pour le <a href=\"https:\/\/budget.canada.ca\/2025\/home-accueil-en.html\">budget federal 2025<\/a>. Il \u00e9tait encourageant d&#8217;\u00eatre entour\u00e9 de personnes travaillant en dehors de la profession d&#8217;urbaniste qui partageaient la m\u00eame vision et les m\u00eames valeurs et qui se consacraient \u00e9galement \u00e0 la recherche de nouvelles fa\u00e7ons de b\u00e2tir de meilleures communaut\u00e9s. Cette journ\u00e9e m&#8217;a inspir\u00e9e et m&#8217;a amen\u00e9e \u00e0 me demander ce que l&#8217;ICU et les urbanistes peuvent faire de plus pour faire avancer ce programme. Si vous avez des id\u00e9es, n&#8217;h\u00e9sitez pas \u00e0 contacter notre \u00e9quipe! Nous avons une toute nouvelle initiative d&#8217;\u00e9ducation au logement qui verra le jour au cours de la nouvelle ann\u00e9e et qui, nous l&#8217;esp\u00e9rons, permettra aux urbanistes d&#8217;acqu\u00e9rir les connaissances et les ressources \u00e0 jour dont ils ont besoin pour r\u00e9pondre \u00e0 ce \u00ab moment charni\u00e8re \u00bb pour les zones urbaines du Canada.     <\/p>\n","protected":false},"excerpt":{"rendered":"<p>par Deborah Morrison, Directrice g\u00e9n\u00e9rale, Institut canadien des urbanistes (ICU) Apr\u00e8s sept mois pass\u00e9s \u00e0 m\u2019immerger dans le monde des urbanistes, le Sommet sur l\u2019\u00e9tat&hellip;<\/p>\n","protected":false},"author":21,"featured_media":40788,"comment_status":"closed","ping_status":"closed","sticky":false,"template":"","format":"standard","meta":{"_acf_changed":false,"footnotes":""},"categories":[92],"tags":[108,109],"class_list":["post-40786","post","type-post","status-publish","format-standard","has-post-thumbnail","hentry","category-blog","tag-collectivites-saines","tag-logement"],"acf":[],"_links":{"self":[{"href":"https:\/\/www.cip-icu.ca\/fr\/wp-json\/wp\/v2\/posts\/40786","targetHints":{"allow":["GET"]}}],"collection":[{"href":"https:\/\/www.cip-icu.ca\/fr\/wp-json\/wp\/v2\/posts"}],"about":[{"href":"https:\/\/www.cip-icu.ca\/fr\/wp-json\/wp\/v2\/types\/post"}],"author":[{"embeddable":true,"href":"https:\/\/www.cip-icu.ca\/fr\/wp-json\/wp\/v2\/users\/21"}],"replies":[{"embeddable":true,"href":"https:\/\/www.cip-icu.ca\/fr\/wp-json\/wp\/v2\/comments?post=40786"}],"version-history":[{"count":2,"href":"https:\/\/www.cip-icu.ca\/fr\/wp-json\/wp\/v2\/posts\/40786\/revisions"}],"predecessor-version":[{"id":40800,"href":"https:\/\/www.cip-icu.ca\/fr\/wp-json\/wp\/v2\/posts\/40786\/revisions\/40800"}],"wp:featuredmedia":[{"embeddable":true,"href":"https:\/\/www.cip-icu.ca\/fr\/wp-json\/wp\/v2\/media\/40788"}],"wp:attachment":[{"href":"https:\/\/www.cip-icu.ca\/fr\/wp-json\/wp\/v2\/media?parent=40786"}],"wp:term":[{"taxonomy":"category","embeddable":true,"href":"https:\/\/www.cip-icu.ca\/fr\/wp-json\/wp\/v2\/categories?post=40786"},{"taxonomy":"post_tag","embeddable":true,"href":"https:\/\/www.cip-icu.ca\/fr\/wp-json\/wp\/v2\/tags?post=40786"}],"curies":[{"name":"wp","href":"https:\/\/api.w.org\/{rel}","templated":true}]}}