{"id":47461,"date":"2026-09-03T10:30:00","date_gmt":"2026-09-03T14:30:00","guid":{"rendered":"https:\/\/www.cip-icu.ca\/?p=47461"},"modified":"2026-09-01T15:40:21","modified_gmt":"2026-09-01T19:40:21","slug":"reflexions-de-maeva-ramboni-etudiante-benevole-a-fusion-2026","status":"publish","type":"post","link":"https:\/\/www.cip-icu.ca\/fr\/blog\/reflexions-de-maeva-ramboni-etudiante-benevole-a-fusion-2026\/","title":{"rendered":"Planifier l\u2019avenir : r\u00e9flexions de Ma\u00e9va Ramboni, \u00e9tudiante b\u00e9n\u00e9vole \u00e0 FUSION 2026"},"content":{"rendered":"\n<p class=\"wp-block-paragraph\" class=\"lede\">L\u2019ICU et l\u2019OUQ ont organis\u00e9 FUSION 2026, le plus important congr\u00e8s national sur l\u2019urbanisme au Canada, \u00e0 Montr\u00e9al du 7 au 9 juillet 2026. Le congr\u00e8s n\u2019aurait pas \u00e9t\u00e9 un succ\u00e8s sans le soutien de nos \u00e9tudiants b\u00e9n\u00e9voles et de notre partenaire du programme de b\u00e9n\u00e9volat \u00e9tudiant, la <a href=\"https:\/\/www.calgary.ca\/home.html\">Ville de Calgary<\/a>. <\/p>\n\n<p class=\"wp-block-paragraph\">Dans cette entrevue, nous rencontrons <a href=\"https:\/\/www.linkedin.com\/in\/maeva-ramboni-530682208\/\">Ma\u00e9va Ramboni<\/a>, \u00e9tudiante en urbanisme \u00e0 l\u2019Universit\u00e9 de Montr\u00e9al, qui nous fait part des moments forts du congr\u00e8s, des le\u00e7ons qu\u2019elle en a tir\u00e9es et de ses conseils \u00e0 l\u2019intention de ses camarades \u00e9tudiants en urbanisme.<\/p>\n\n<p class=\"wp-block-paragraph\"><strong>Pouvez-vous nous parler un peu de vous-m\u00eame et nous expliquer pourquoi vous avez d\u00e9cid\u00e9 d\u2019\u00e9tudier en urbanisme?<\/strong><\/p>\n\n<p class=\"wp-block-paragraph\">Je suis actuellement \u00e9tudiante \u00e0 la ma\u00eetrise en urbanisme \u00e0 l\u2019Universit\u00e9 de Montr\u00e9al, o\u00f9 je peux mettre \u00e0 profit mon exp\u00e9rience en d\u00e9veloppement durable pour explorer un int\u00e9r\u00eat grandissant pour la relation entre les environnements urbains et le bien-\u00eatre, en particulier chez les jeunes et les femmes. Mon parcours vers l\u2019urbanisme remonte \u00e0 2019, lorsque j\u2019\u00e9tudiais les communications, les m\u00e9dias et les arts plastiques, un programme pr\u00e9universitaire offert au c\u00e9gep (coll\u00e8ge d\u2019enseignement g\u00e9n\u00e9ral et professionnel faisant le lien entre le secondaire et l\u2019universit\u00e9 au Qu\u00e9bec). \u00c0 l\u2019\u00e9poque, je savais que je voulais poursuivre une carri\u00e8re qui allierait mon amour de l\u2019art \u00e0 la possibilit\u00e9 d\u2019avoir un impact positif et concret sur le monde. J\u2019ai d\u00e9couvert l\u2019urbanisme gr\u00e2ce \u00e0 un cours de design, o\u00f9 mon professeur a expliqu\u00e9 comment le d\u00e9veloppement des villes pouvait \u00eatre consid\u00e9r\u00e9 comme une forme d\u2019art et de design. Ce fut une r\u00e9v\u00e9lation qui m\u2019a incit\u00e9e \u00e0 approfondir mes recherches sur cette discipline et qui m\u2019a finalement pouss\u00e9e \u00e0 entreprendre des \u00e9tudes de baccalaur\u00e9at en urbanisme la m\u00eame ann\u00e9e, puis \u00e0 poursuivre par une ma\u00eetrise quelques ann\u00e9es plus tard.    <\/p>\n\n<p class=\"wp-block-paragraph\"><strong>Qu\u2019est-ce qui vous a motiv\u00e9e \u00e0 faire du b\u00e9n\u00e9volat \u00e0 FUSION 2026?<\/strong><\/p>\n\n<p class=\"wp-block-paragraph\">J\u2019ai entendu parler de ce poste de b\u00e9n\u00e9vole gr\u00e2ce \u00e0 un courriel envoy\u00e9 par mon association \u00e9tudiante. Le fait que FUSION 2026 se d\u00e9roulait \u00e0 Montr\u00e9al m\u2019a sembl\u00e9 \u00eatre une invitation \u00e0 faire mes premiers pas dans le milieu de l\u2019urbanisme sans subir trop de pression. Avant cette ann\u00e9e, je n\u2019avais jamais particip\u00e9 \u00e0 un congr\u00e8s dans ce domaine, car j\u2019avais toujours eu une certaine id\u00e9e de ce \u00e0 quoi ils ressemblaient et du type de personnes qui y assistaient. J\u2019imaginais des experts hautement qualifi\u00e9s, bien \u00e9tablis dans leur carri\u00e8re, ce qui m\u2019a longtemps fait percevoir ces congr\u00e8s comme intimidants. En tant que personne qui cherche encore sa voie, j\u2019ai voulu me lancer un d\u00e9fi en faisant du b\u00e9n\u00e9volat cette ann\u00e9e et, surtout, profiter de cette occasion pour apprendre, discuter et obtenir des conseils de mes pairs.    <\/p>\n\n<p class=\"wp-block-paragraph\"><strong>Y a-t-il eu une interaction m\u00e9morable avec un d\u00e9l\u00e9gu\u00e9, un conf\u00e9rencier ou un autre b\u00e9n\u00e9vole qui vous a particuli\u00e8rement marqu\u00e9e?<\/strong><\/p>\n\n<p class=\"wp-block-paragraph\">J\u2019ai particip\u00e9 \u00e0 l\u2019atelier \u00ab Rencontre et mentorat \u00bb, au cours duquel plusieurs \u00e9changes ont chang\u00e9 ma perception de mon d\u00e9veloppement de carri\u00e8re. L\u2019un des principaux enseignements que j\u2019ai tir\u00e9s des mentors et qui m\u2019a le plus marqu\u00e9e, c\u2019est que je ne devrais pas laisser mon niveau d\u2019exp\u00e9rience m\u2019intimider ou limiter mes aspirations. M\u00eame si je ne coche pas toutes les cases, je poss\u00e8de plusieurs comp\u00e9tences qui, \u00e0 mon insu, peuvent \u00eatre pr\u00e9cieuses pour diff\u00e9rents r\u00f4les. En m\u00eame temps, cela m\u2019a rappel\u00e9 qu\u2019il fallait garder l\u2019esprit ouvert, car l\u2019apprentissage est en soi un atout pr\u00e9cieux.   <\/p>\n\n<p class=\"wp-block-paragraph\"><strong>Y a-t-il eu un sujet abord\u00e9 lors du congr\u00e8s qui a chang\u00e9 votre fa\u00e7on de voir l\u2019urbanisme?<\/strong><\/p>\n\n<p class=\"wp-block-paragraph\">Une s\u00e9ance qui a boulevers\u00e9 ma fa\u00e7on d\u2019envisager l\u2019urbanisme a \u00e9t\u00e9 celle consacr\u00e9e \u00e0 la campagne \u00ab Am\u00e8ne ton sofa \u00bb et aux projets \u00ab Espaces Pop-Up \u00bb, con\u00e7us par la MRC de Montmagny. Ces initiatives ont mis\u00e9 sur des campagnes et la participation citoyenne pour soutenir les efforts de revitalisation du territoire et pour transformer des espaces inoccup\u00e9s en p\u00f4les communautaires et culturels. Cette pr\u00e9sentation m\u2019a ouvert les yeux sur l\u2019utilisation de la cr\u00e9ativit\u00e9 et des outils de communication comme moyen d\u2019int\u00e9grer la planification strat\u00e9gique participative. J\u2019ai trouv\u00e9 important que les r\u00e9sidents participent activement \u00e0 la croissance de la MRC, ce qui d\u00e9montre l\u2019importance de promouvoir le d\u00e9veloppement dans les r\u00e9gions rurales, souvent n\u00e9glig\u00e9es. Cela a renforc\u00e9 mon d\u00e9sir de prendre part \u00e0 l\u2019avenir \u00e0 des projets cr\u00e9atifs et collectifs comme ceux-l\u00e0!   <\/p>\n\n<p class=\"wp-block-paragraph\"><strong>En quoi le b\u00e9n\u00e9volat au congr\u00e8s a-t-il influenc\u00e9 vos objectifs de carri\u00e8re?<\/strong><\/p>\n\n<p class=\"wp-block-paragraph\">Mon exp\u00e9rience de b\u00e9n\u00e9volat a r\u00e9affirm\u00e9 ma d\u00e9cision de poursuivre mes \u00e9tudes en urbanisme, d\u2019autant plus que j\u2019ai pu d\u00e9velopper mes comp\u00e9tences en r\u00e9seautage et acqu\u00e9rir des connaissances utiles pour faire avancer ma carri\u00e8re. Le congr\u00e8s m\u2019a donn\u00e9 une nouvelle assurance pour communiquer tant avec les professionnels qu\u2019avec les \u00e9tudiants. Par cons\u00e9quent, je suis plus ouverte d\u2019esprit quant \u00e0 la fa\u00e7on dont je devrais aborder les occasions qui se pr\u00e9sentent. Ce nouvel \u00e9tat d\u2019esprit me motive \u00e0 continuer de d\u00e9velopper mes nouvelles comp\u00e9tences, m\u00eame apr\u00e8s la fin de l\u2019\u00e9v\u00e9nement.   <\/p>\n\n<p class=\"wp-block-paragraph\"><strong>Avez-vous des conseils \u00e0 donner aux autres \u00e9tudiants en urbanisme qui envisagent de faire du b\u00e9n\u00e9volat lors de futurs congr\u00e8s?<\/strong><\/p>\n\n<p class=\"wp-block-paragraph\">Si vous h\u00e9sitez \u00e0 participer \u00e0 des congr\u00e8s ou si vous souhaitez prendre une longueur d\u2019avance dans le domaine de l\u2019urbanisme, je vous recommande vivement de faire du b\u00e9n\u00e9volat! C\u2019est la meilleure fa\u00e7on de renforcer votre confiance en vous et de vous familiariser avec les enjeux d\u2019actualit\u00e9. \u00c0 la fin de la semaine, vous aurez une bien meilleure id\u00e9e de la mani\u00e8re de faire progresser votre carri\u00e8re et vos \u00e9tudes. Ma participation \u00e0 FUSION 2026 m\u2019a encourag\u00e9e \u00e0 prendre part \u00e0 davantage de congr\u00e8s et d\u2019\u00e9v\u00e9nements li\u00e9s \u00e0 l\u2019urbanisme \u00e0 l\u2019avenir.   <\/p>\n\n<p class=\"wp-block-paragraph\"><strong>Y a-t-il autre chose que vous aimeriez partager avec les membres de l\u2019ICU?<\/strong><\/p>\n\n<p class=\"wp-block-paragraph\">J\u2019aimerais remercier Wendy, Delphine, l\u2019Institut canadien des urbanistes et l\u2019Ordre des urbanistes du Qu\u00e9bec d\u2019avoir organis\u00e9 ce congr\u00e8s et de m\u2019avoir donn\u00e9 l\u2019occasion de faire du b\u00e9n\u00e9volat cette ann\u00e9e! Je tiens \u00e9galement \u00e0 saluer mes coll\u00e8gues \u00e9tudiants b\u00e9n\u00e9voles; je suis heureuse que nous nous soyons rencontr\u00e9s et que nous soyons devenus amis! Cette exp\u00e9rience a eu un impact important sur mes objectifs de carri\u00e8re, car j\u2019ai pu \u00e9largir mes connaissances et nouer des liens avec des pairs de partout au Canada, et surtout, j\u2019ai appris \u00e0 mieux me conna\u00eetre. J\u2019ai h\u00e2te de participer \u00e0 <a href=\"https:\/\/www.cip-icu.ca\/fr\/congres-national\/\">MOMENTUM 2027<\/a> \u00e0 Victoria!   <\/p>\n\n<div style=\"height:36px\" aria-hidden=\"true\" class=\"wp-block-spacer\"><\/div>\n\n<hr class=\"wp-block-separator has-alpha-channel-opacity\"\/>\n\n<div style=\"height:43px\" aria-hidden=\"true\" class=\"wp-block-spacer\"><\/div>\n\n<div class=\"wp-block-columns is-layout-flex wp-container-core-columns-is-layout-8f761849 wp-block-columns-is-layout-flex\">\n<div class=\"wp-block-column is-layout-flow wp-block-column-is-layout-flow\" style=\"flex-basis:66.66%\">\n<h2 class=\"wp-block-heading\">Souhaitez-vous vous impliquer davantage dans la communaut\u00e9 de l\u2019urbanisme?<\/h2>\n\n\n\n<p class=\"wp-block-paragraph\"><a href=\"https:\/\/www.cip-icu.ca\/fr\/rejoindre-le-cip\/types-dadhesion-et-cotisations\/\" data-type=\"page\" data-id=\"16305\">Devenez membre \u00e9tudiant<\/a> de l\u2019ICU gratuitement! En tant que membre \u00e9tudiant, vous aurez acc\u00e8s \u00e0 des occasions de b\u00e9n\u00e9volat et de r\u00e9seautage, \u00e0 des \u00e9v\u00e9nements et aux derni\u00e8res nouvelles en mati\u00e8re d\u2019urbanisme pour vous aider \u00e0 faire progresser votre carri\u00e8re d\u00e8s le premier jour. <\/p>\n\n\n\n<div class=\"wp-block-buttons is-layout-flex wp-block-buttons-is-layout-flex\">\n<div class=\"wp-block-button\"><a class=\"wp-block-button__link wp-element-button\" href=\"https:\/\/www.cip-icu.ca\/fr\/rejoindre-le-cip\/types-dadhesion-et-cotisations\/\">Adh\u00e9rez d\u00e8s maintenant<\/a><\/div>\n<\/div>\n<\/div>\n\n\n\n<div class=\"wp-block-column is-layout-flow wp-block-column-is-layout-flow\" style=\"flex-basis:33.33%\">\n<figure class=\"wp-block-image size-full\"><img loading=\"lazy\" decoding=\"async\" width=\"900\" height=\"900\" src=\"https:\/\/www.cip-icu.ca\/wp-content\/uploads\/2025\/08\/Audy-Noor-Blog-1.png\" alt=\"\" class=\"wp-image-38464\" srcset=\"https:\/\/www.cip-icu.ca\/wp-content\/uploads\/2025\/08\/Audy-Noor-Blog-1.png 900w, https:\/\/www.cip-icu.ca\/wp-content\/uploads\/2025\/08\/Audy-Noor-Blog-1-636x636.png 636w, https:\/\/www.cip-icu.ca\/wp-content\/uploads\/2025\/08\/Audy-Noor-Blog-1-160x160.png 160w, https:\/\/www.cip-icu.ca\/wp-content\/uploads\/2025\/08\/Audy-Noor-Blog-1-768x768.png 768w, https:\/\/www.cip-icu.ca\/wp-content\/uploads\/2025\/08\/Audy-Noor-Blog-1-300x300.png 300w, https:\/\/www.cip-icu.ca\/wp-content\/uploads\/2025\/08\/Audy-Noor-Blog-1-600x600.png 600w, https:\/\/www.cip-icu.ca\/wp-content\/uploads\/2025\/08\/Audy-Noor-Blog-1-100x100.png 100w\" sizes=\"auto, (max-width: 900px) 100vw, 900px\" \/><\/figure>\n<\/div>\n<\/div>\n\n<div style=\"height:24px\" aria-hidden=\"true\" class=\"wp-block-spacer\"><\/div>\n\n<div class=\"wp-block-group smpadding has-gainsboro-background-color has-background\"><div class=\"wp-block-group__inner-container is-layout-constrained wp-block-group-is-layout-constrained\">\n<p class=\"wp-block-paragraph\"><strong>A propos de l&#8217;auteur<\/strong><\/p>\n\n\n\n<p class=\"wp-block-paragraph\"><a href=\"https:\/\/www.linkedin.com\/in\/maeva-ramboni-530682208\/\">Ma\u00e9va Ramboni<\/a> est \u00e9tudiante \u00e0 la ma\u00eetrise en urbanisme et coordonnatrice de la vie \u00e9tudiante au sein du Regroupement des \u00e9tudiant\u00b7es \u00e0 la ma\u00eetrise en urbanisme de l\u2019Universit\u00e9 de Montr\u00e9al. Passionn\u00e9e par la sant\u00e9 urbaine et forte d\u2019une exp\u00e9rience dans le domaine du d\u00e9veloppement durable, elle s\u2019int\u00e9resse tout particuli\u00e8rement \u00e0 l\u2019impact des environnements urbains sur le bien-\u00eatre mental et physique des individus. Cet int\u00e9r\u00eat se concr\u00e9tise notamment par l\u2019exploration du potentiel du neurodesign pour favoriser des villes s\u00e9curitaires, adapt\u00e9es aux enfants et inclusives. Au fil de sa carri\u00e8re, Ma\u00e9va esp\u00e8re collaborer avec diverses communaut\u00e9s afin d\u2019\u00e9laborer des politiques d\u2019urbanisme et des strat\u00e9gies de conception qui favorisent des espaces urbains plus sains et r\u00e9silients.   <\/p>\n<\/div><\/div>\n\n<p class=\"wp-block-paragraph\"><\/p>\n","protected":false},"excerpt":{"rendered":"<p>Dans cet entretien, Ma\u00e9va Ramboni, \u00e9tudiante en urbanisme \u00e0 l\u2019Universit\u00e9 de Montr\u00e9al, pr\u00e9sente les temps forts de FUSION 2026, le congr\u00e8s national d\u2019urbanisme de l\u2019ICU et de l\u2019OUQ.<\/p>\n","protected":false},"author":21,"featured_media":47465,"comment_status":"closed","ping_status":"closed","sticky":false,"template":"","format":"standard","meta":{"_acf_changed":false,"footnotes":""},"categories":[92],"tags":[103,110,104],"class_list":["post-47461","post","type-post","status-publish","format-standard","has-post-thumbnail","hentry","category-blog","tag-adhesion","tag-conference-fr","tag-soutien-carriere"],"acf":[],"_links":{"self":[{"href":"https:\/\/www.cip-icu.ca\/fr\/wp-json\/wp\/v2\/posts\/47461","targetHints":{"allow":["GET"]}}],"collection":[{"href":"https:\/\/www.cip-icu.ca\/fr\/wp-json\/wp\/v2\/posts"}],"about":[{"href":"https:\/\/www.cip-icu.ca\/fr\/wp-json\/wp\/v2\/types\/post"}],"author":[{"embeddable":true,"href":"https:\/\/www.cip-icu.ca\/fr\/wp-json\/wp\/v2\/users\/21"}],"replies":[{"embeddable":true,"href":"https:\/\/www.cip-icu.ca\/fr\/wp-json\/wp\/v2\/comments?post=47461"}],"version-history":[{"count":1,"href":"https:\/\/www.cip-icu.ca\/fr\/wp-json\/wp\/v2\/posts\/47461\/revisions"}],"predecessor-version":[{"id":47463,"href":"https:\/\/www.cip-icu.ca\/fr\/wp-json\/wp\/v2\/posts\/47461\/revisions\/47463"}],"wp:featuredmedia":[{"embeddable":true,"href":"https:\/\/www.cip-icu.ca\/fr\/wp-json\/wp\/v2\/media\/47465"}],"wp:attachment":[{"href":"https:\/\/www.cip-icu.ca\/fr\/wp-json\/wp\/v2\/media?parent=47461"}],"wp:term":[{"taxonomy":"category","embeddable":true,"href":"https:\/\/www.cip-icu.ca\/fr\/wp-json\/wp\/v2\/categories?post=47461"},{"taxonomy":"post_tag","embeddable":true,"href":"https:\/\/www.cip-icu.ca\/fr\/wp-json\/wp\/v2\/tags?post=47461"}],"curies":[{"name":"wp","href":"https:\/\/api.w.org\/{rel}","templated":true}]}}